{"id":1905,"date":"2013-03-05T13:13:54","date_gmt":"2013-03-05T19:13:54","guid":{"rendered":"http:\/\/innovatori.space\/lat21\/?p=1905"},"modified":"2013-03-05T13:14:14","modified_gmt":"2013-03-05T19:14:14","slug":"kantoor-room-furniture-%e2%86%91%e2%86%91","status":"publish","type":"post","link":"https:\/\/l21.mx\/?p=1905","title":{"rendered":"Kantoor Room Furniture \u2191\u2191"},"content":{"rendered":"<p><a href=\"http:\/\/l21.mx\/wp-content\/uploads\/2013\/03\/KANTOOR-2.jpg\" data-rel=\"penci-gallery-image-content\" ><img fetchpriority=\"high\" decoding=\"async\" class=\"aligncenter size-full wp-image-1906\" title=\"KANTOOR\" src=\"http:\/\/l21.mx\/wp-content\/uploads\/2013\/03\/KANTOOR-2.jpg\" alt=\"canc\u00fan, &quot;revista latitud21&quot;, latitud21, &quot;Caribe Mexicano&quot;, latitud 21, &quot;Grupo editorial Latitud21&quot;\" width=\"1500\" height=\"2258\" srcset=\"https:\/\/l21.mx\/wp-content\/uploads\/2013\/03\/KANTOOR-2.jpg 1500w, https:\/\/l21.mx\/wp-content\/uploads\/2013\/03\/KANTOOR-2-199x300.jpg 199w, https:\/\/l21.mx\/wp-content\/uploads\/2013\/03\/KANTOOR-2-680x1024.jpg 680w, https:\/\/l21.mx\/wp-content\/uploads\/2013\/03\/KANTOOR-2-56x85.jpg 56w, https:\/\/l21.mx\/wp-content\/uploads\/2013\/03\/KANTOOR-2-600x903.jpg 600w, https:\/\/l21.mx\/wp-content\/uploads\/2013\/03\/KANTOOR-2-167x251.jpg 167w, https:\/\/l21.mx\/wp-content\/uploads\/2013\/03\/KANTOOR-2-80x120.jpg 80w\" sizes=\"(max-width: 1500px) 100vw, 1500px\" \/><\/a><\/p>\n<p>Firma mexicana procedente de Monterrey\u00a0 abre su primera sucursal en la ciudad. Brinda servicios de dise\u00f1os de espacio ambientaci\u00f3n, decoraci\u00f3n, remodelaci\u00f3n, venta de mobiliario escolar, oficina y hogar. Ocupa una superficie de 590 m2.Empleos directos ocho,\u00a0 indirectos 15.\u00a0 Blvd. Luis Donaldo Colosio. Plaza Alamos.<\/p>\n<div>\n<p>[editor]sube-y-baja[\/editor]<\/p>\n<\/div>\n","protected":false},"excerpt":{"rendered":"<p>Firma mexicana procedente de Monterrey\u00a0 abre su primera sucursal en la ciudad. Brinda servicios de dise\u00f1os&hellip;<\/p>\n","protected":false},"author":2,"featured_media":1907,"comment_status":"open","ping_status":"open","sticky":false,"template":"","format":"standard","meta":{"_acf_changed":false,"_lmt_disableupdate":"","_lmt_disable":"","_mbp_gutenberg_autopost":false,"footnotes":""},"categories":[10],"tags":[113],"class_list":["post-1905","post","type-post","status-publish","format-standard","has-post-thumbnail","hentry","category-sube-y-baja","tag-kantoor-room-furniture"],"acf":[],"_links":{"self":[{"href":"https:\/\/l21.mx\/index.php?rest_route=\/wp\/v2\/posts\/1905","targetHints":{"allow":["GET"]}}],"collection":[{"href":"https:\/\/l21.mx\/index.php?rest_route=\/wp\/v2\/posts"}],"about":[{"href":"https:\/\/l21.mx\/index.php?rest_route=\/wp\/v2\/types\/post"}],"author":[{"embeddable":true,"href":"https:\/\/l21.mx\/index.php?rest_route=\/wp\/v2\/users\/2"}],"replies":[{"embeddable":true,"href":"https:\/\/l21.mx\/index.php?rest_route=%2Fwp%2Fv2%2Fcomments&post=1905"}],"version-history":[{"count":0,"href":"https:\/\/l21.mx\/index.php?rest_route=\/wp\/v2\/posts\/1905\/revisions"}],"wp:featuredmedia":[{"embeddable":true,"href":"https:\/\/l21.mx\/index.php?rest_route=\/wp\/v2\/media\/1907"}],"wp:attachment":[{"href":"https:\/\/l21.mx\/index.php?rest_route=%2Fwp%2Fv2%2Fmedia&parent=1905"}],"wp:term":[{"taxonomy":"category","embeddable":true,"href":"https:\/\/l21.mx\/index.php?rest_route=%2Fwp%2Fv2%2Fcategories&post=1905"},{"taxonomy":"post_tag","embeddable":true,"href":"https:\/\/l21.mx\/index.php?rest_route=%2Fwp%2Fv2%2Ftags&post=1905"}],"curies":[{"name":"wp","href":"https:\/\/api.w.org\/{rel}","templated":true}]}}