{"id":1917,"date":"2013-03-05T13:26:05","date_gmt":"2013-03-05T19:26:05","guid":{"rendered":"http:\/\/innovatori.space\/lat21\/?p=1917"},"modified":"2013-03-05T13:26:05","modified_gmt":"2013-03-05T19:26:05","slug":"el-patio-gitano-%e2%86%91%e2%86%91","status":"publish","type":"post","link":"https:\/\/l21.mx\/?p=1917","title":{"rendered":"El Patio Gitano \u2191\u2191"},"content":{"rendered":"<p><a href=\"http:\/\/l21.mx\/wp-content\/uploads\/2013\/03\/EL-PATIO-GITANO-21.jpg\" data-rel=\"penci-gallery-image-content\" ><img fetchpriority=\"high\" decoding=\"async\" class=\"aligncenter size-large wp-image-1919\" title=\"EL PATIO GITANO (2)\" src=\"http:\/\/l21.mx\/wp-content\/uploads\/2013\/03\/EL-PATIO-GITANO-21-1024x679.jpg\" alt=\"\" width=\"1024\" height=\"679\" srcset=\"https:\/\/l21.mx\/wp-content\/uploads\/2013\/03\/EL-PATIO-GITANO-21-1024x679.jpg 1024w, https:\/\/l21.mx\/wp-content\/uploads\/2013\/03\/EL-PATIO-GITANO-21-300x199.jpg 300w, https:\/\/l21.mx\/wp-content\/uploads\/2013\/03\/EL-PATIO-GITANO-21-128x85.jpg 128w, https:\/\/l21.mx\/wp-content\/uploads\/2013\/03\/EL-PATIO-GITANO-21-600x398.jpg 600w, https:\/\/l21.mx\/wp-content\/uploads\/2013\/03\/EL-PATIO-GITANO-21-167x110.jpg 167w, https:\/\/l21.mx\/wp-content\/uploads\/2013\/03\/EL-PATIO-GITANO-21-80x53.jpg 80w, https:\/\/l21.mx\/wp-content\/uploads\/2013\/03\/EL-PATIO-GITANO-21.jpg 1500w\" sizes=\"(max-width: 1024px) 100vw, 1024px\" \/><\/a><\/p>\n<p>De la sociedad empresarial de Ara Lev\u00f3n y Enrique Herrero, este \u00faltimo empresario con 15 a\u00f1os de trayectoria gastron\u00f3mica con sus feudos Caballo Andaluz y el Rinc\u00f3n de las Paellas, surge esta fusi\u00f3n culinaria entre Espa\u00f1a, M\u00e9xico e Italia, cuyo men\u00fa est\u00e1 integrado por m\u00e1s de 50 platillos. Superficie: 90 m2, capacidad 80 pax. Empleos directos 22, indirectos 40.\u00a0 Av. Bonampak, Plaza Pen\u00ednsula, SM 9, Mza. 2, lote 5, local 7. Tel. (998)267-71-74.<\/p>\n<div><\/div>\n","protected":false},"excerpt":{"rendered":"<p>De la sociedad empresarial de Ara Lev\u00f3n y Enrique Herrero, este \u00faltimo empresario con 15 a\u00f1os&hellip;<\/p>\n","protected":false},"author":2,"featured_media":1919,"comment_status":"open","ping_status":"open","sticky":false,"template":"","format":"standard","meta":{"_acf_changed":false,"_lmt_disableupdate":"","_lmt_disable":"","_mbp_gutenberg_autopost":false,"footnotes":""},"categories":[10],"tags":[126,128,125,127,129],"class_list":["post-1917","post","type-post","status-publish","format-standard","has-post-thumbnail","hentry","category-sube-y-baja","tag-ara-levon","tag-caballo-andaluz","tag-el-patio-gitano","tag-enrique-herrero","tag-rincon-de-las-paellas"],"acf":[],"_links":{"self":[{"href":"https:\/\/l21.mx\/index.php?rest_route=\/wp\/v2\/posts\/1917","targetHints":{"allow":["GET"]}}],"collection":[{"href":"https:\/\/l21.mx\/index.php?rest_route=\/wp\/v2\/posts"}],"about":[{"href":"https:\/\/l21.mx\/index.php?rest_route=\/wp\/v2\/types\/post"}],"author":[{"embeddable":true,"href":"https:\/\/l21.mx\/index.php?rest_route=\/wp\/v2\/users\/2"}],"replies":[{"embeddable":true,"href":"https:\/\/l21.mx\/index.php?rest_route=%2Fwp%2Fv2%2Fcomments&post=1917"}],"version-history":[{"count":0,"href":"https:\/\/l21.mx\/index.php?rest_route=\/wp\/v2\/posts\/1917\/revisions"}],"wp:featuredmedia":[{"embeddable":true,"href":"https:\/\/l21.mx\/index.php?rest_route=\/wp\/v2\/media\/1919"}],"wp:attachment":[{"href":"https:\/\/l21.mx\/index.php?rest_route=%2Fwp%2Fv2%2Fmedia&parent=1917"}],"wp:term":[{"taxonomy":"category","embeddable":true,"href":"https:\/\/l21.mx\/index.php?rest_route=%2Fwp%2Fv2%2Fcategories&post=1917"},{"taxonomy":"post_tag","embeddable":true,"href":"https:\/\/l21.mx\/index.php?rest_route=%2Fwp%2Fv2%2Ftags&post=1917"}],"curies":[{"name":"wp","href":"https:\/\/api.w.org\/{rel}","templated":true}]}}