{"id":19449,"date":"2016-04-27T09:41:19","date_gmt":"2016-04-27T14:41:19","guid":{"rendered":"http:\/\/innovatori.space\/lat21\/?p=19449"},"modified":"2016-04-27T09:41:19","modified_gmt":"2016-04-27T14:41:19","slug":"volaris-y-sectur-dan-inicio-a-campana-viajemos-todos-por-mexico","status":"publish","type":"post","link":"https:\/\/l21.mx\/?p=19449","title":{"rendered":"Volaris y SECTUR dan inicio a campa\u00f1a:    \u201cViajemos todos por M\u00e9xico\u201d"},"content":{"rendered":"<p style=\"text-align: left;\" align=\"center\"><a href=\"http:\/\/l21.mx\/wp-content\/uploads\/2015\/10\/Volaris-conecta-a-Canc\u00fan-con-Costa-Rica.jpg\" data-rel=\"penci-gallery-image-content\" ><img fetchpriority=\"high\" decoding=\"async\" class=\"aligncenter size-large wp-image-11297\" title=\"Volaris-conecta-a-Canc\u00fan-con-Costa-Rica\" src=\"http:\/\/l21.mx\/wp-content\/uploads\/2015\/10\/Volaris-conecta-a-Canc\u00fan-con-Costa-Rica-1024x484.jpg\" alt=\"\" width=\"1024\" height=\"484\" srcset=\"https:\/\/l21.mx\/wp-content\/uploads\/2015\/10\/Volaris-conecta-a-Canc\u00fan-con-Costa-Rica-1024x484.jpg 1024w, https:\/\/l21.mx\/wp-content\/uploads\/2015\/10\/Volaris-conecta-a-Canc\u00fan-con-Costa-Rica-300x142.jpg 300w, https:\/\/l21.mx\/wp-content\/uploads\/2015\/10\/Volaris-conecta-a-Canc\u00fan-con-Costa-Rica-768x363.jpg 768w, https:\/\/l21.mx\/wp-content\/uploads\/2015\/10\/Volaris-conecta-a-Canc\u00fan-con-Costa-Rica-1170x553.jpg 1170w, https:\/\/l21.mx\/wp-content\/uploads\/2015\/10\/Volaris-conecta-a-Canc\u00fan-con-Costa-Rica-585x277.jpg 585w, https:\/\/l21.mx\/wp-content\/uploads\/2015\/10\/Volaris-conecta-a-Canc\u00fan-con-Costa-Rica.jpg 1178w\" sizes=\"(max-width: 1024px) 100vw, 1024px\" \/><\/a><\/p>\n<p style=\"text-align: left;\" align=\"center\">\u00b7<strong>Esta alianza forma parte de la iniciativa en turismo social impulsada por el Presidente Pe\u00f1a Nieto<\/strong><\/p>\n<p style=\"text-align: left;\">\u00b7\u00a0<strong>La campa\u00f1a promover\u00e1 que m\u00e1s mexicanos viajen al interior del pa\u00eds<\/strong><strong>\u00a0<\/strong><\/p>\n<p><strong><em>Ciudad de M\u00e9xico, 26 de abril de 2016<\/em><\/strong>.- Volaris (NYSE: VLRS Y BMV: VOLAR), la aerol\u00ednea mexicana de ultra bajo costo que opera en M\u00e9xico, Estados Unidos y Centroam\u00e9rica en alianza con la Secretar\u00eda de Turismo, anunciaron hoy el lanzamiento de la campa\u00f1a denominada<strong> \u201cViajemos todos por M\u00e9xico\u201d.<\/strong><\/p>\n<p>Dicha campa\u00f1a forma parte de una iniciativa con el mismo nombre promovida por el C. Presidente de la Rep\u00fablica Mexicana, Lic. <strong>Enrique Pe\u00f1a Nieto<\/strong>, que tiene el objetivo primordial de impulsar el turismo social, gracias a diversos mecanismos generados por instituciones p\u00fablicas y privadas que ayudan a lograr esta meta, tales como los cr\u00e9ditos de INFONACOT o los paquetes tur\u00edsticos de bajo costo que ofrece TURISSSTE.<\/p>\n<p>En conferencia de prensa en el marco del <strong>Tianguis Tur\u00edstico 2016<\/strong> en Guadalajara, Jalisco, el Secretario de Turismo, Enrique de la Madrid, y Holger Blankenstein, Director Ejecutivo Comercial de Volaris, se pronunciaron con la mejor disposici\u00f3n para articular esfuerzos en sumarse a esta campa\u00f1a de manera conjunta, y generar el mayor impacto social para hacer que m\u00e1s mexicanos tengan la oportunidad de viajar al interior de la Rep\u00fablica Mexicana.<\/p>\n<p><strong>Holger Blankenstein<\/strong>, se\u00f1al\u00f3: \u201cEn Volaris llevamos 10 a\u00f1os haciendo que todo el mundo vuele, y queremos seguir haci\u00e9ndolo. Por ello, estamos felices de sumarnos de la mano de la Secretar\u00eda de Turismo a la iniciativa del Presidente Enrique Pe\u00f1a Nieto, para que, a trav\u00e9s de nuestra aerol\u00ednea, tengamos el honor de transportar a m\u00e1s mexicanos para que descubran las maravillas tur\u00edsticas que M\u00e9xico tiene para ofrecer\u201d.<\/p>\n<p>De acuerdo a la SECTUR, durante el primer bimestre de este a\u00f1o el n\u00famero de turistas en M\u00e9xico creci\u00f3 en 10.8% a comparaci\u00f3n del mismo periodo de 2015, y en un 12.5% los turistas por v\u00eda a\u00e9rea, por lo que esto se traduce un sector con mucho potencial para Volaris.<\/p>\n<p>\u201cNuestro compromiso es seguir contando con los mecanismos para que m\u00e1s gente viaje, gracias a nuestro modelo de ultra bajo costo que nos permite tener las tarifas m\u00e1s bajas del mercado, a bordo de una flota segura y la m\u00e1s moderna de las Am\u00e9ricas, as\u00ed como con nuestra amplia oferta de red de rutas conformada al d\u00eda de hoy por 101 nacionales y 51 internacionales\u201d, expres\u00f3 Blankenstein.<\/p>\n<p><strong>Volaris<\/strong> y la SECTUR reafirman con esta alianza su compromiso por impulsar la industria tur\u00edstica nacional, y seguir construyendo un mejor futuro para M\u00e9xico.<\/p>\n","protected":false},"excerpt":{"rendered":"<p>\u00b7Esta alianza forma parte de la iniciativa en turismo social impulsada por el Presidente Pe\u00f1a Nieto&hellip;<\/p>\n","protected":false},"author":2,"featured_media":0,"comment_status":"open","ping_status":"open","sticky":false,"template":"","format":"standard","meta":{"_acf_changed":false,"_lmt_disableupdate":"","_lmt_disable":"","_mbp_gutenberg_autopost":false,"footnotes":""},"categories":[23,8],"tags":[],"class_list":["post-19449","post","type-post","status-publish","format-standard","hentry","category-noticias","category-turismo"],"acf":[],"_links":{"self":[{"href":"https:\/\/l21.mx\/index.php?rest_route=\/wp\/v2\/posts\/19449","targetHints":{"allow":["GET"]}}],"collection":[{"href":"https:\/\/l21.mx\/index.php?rest_route=\/wp\/v2\/posts"}],"about":[{"href":"https:\/\/l21.mx\/index.php?rest_route=\/wp\/v2\/types\/post"}],"author":[{"embeddable":true,"href":"https:\/\/l21.mx\/index.php?rest_route=\/wp\/v2\/users\/2"}],"replies":[{"embeddable":true,"href":"https:\/\/l21.mx\/index.php?rest_route=%2Fwp%2Fv2%2Fcomments&post=19449"}],"version-history":[{"count":0,"href":"https:\/\/l21.mx\/index.php?rest_route=\/wp\/v2\/posts\/19449\/revisions"}],"wp:attachment":[{"href":"https:\/\/l21.mx\/index.php?rest_route=%2Fwp%2Fv2%2Fmedia&parent=19449"}],"wp:term":[{"taxonomy":"category","embeddable":true,"href":"https:\/\/l21.mx\/index.php?rest_route=%2Fwp%2Fv2%2Fcategories&post=19449"},{"taxonomy":"post_tag","embeddable":true,"href":"https:\/\/l21.mx\/index.php?rest_route=%2Fwp%2Fv2%2Ftags&post=19449"}],"curies":[{"name":"wp","href":"https:\/\/api.w.org\/{rel}","templated":true}]}}