{"id":1997,"date":"2013-03-06T17:49:11","date_gmt":"2013-03-06T23:49:11","guid":{"rendered":"http:\/\/innovatori.space\/lat21\/?p=1997"},"modified":"2021-03-01T11:46:41","modified_gmt":"2021-03-01T16:46:41","slug":"90porcientoocupacion","status":"publish","type":"post","link":"https:\/\/l21.mx\/?p=1997","title":{"rendered":"Prev\u00e9n 90% de ocupaci\u00f3n en Canc\u00fan"},"content":{"rendered":"<p><a href=\"http:\/\/l21.mx\/wp-content\/uploads\/2013\/03\/03.jpg\" data-rel=\"penci-gallery-image-content\" ><img fetchpriority=\"high\" decoding=\"async\" class=\"aligncenter size-large wp-image-1999\" title=\"03\" src=\"http:\/\/l21.mx\/wp-content\/uploads\/2013\/03\/03-1024x649.jpg\" alt=\"\" width=\"1024\" height=\"649\" srcset=\"https:\/\/l21.mx\/wp-content\/uploads\/2013\/03\/03-1024x649.jpg 1024w, https:\/\/l21.mx\/wp-content\/uploads\/2013\/03\/03-300x190.jpg 300w, https:\/\/l21.mx\/wp-content\/uploads\/2013\/03\/03-133x85.jpg 133w, https:\/\/l21.mx\/wp-content\/uploads\/2013\/03\/03-600x380.jpg 600w, https:\/\/l21.mx\/wp-content\/uploads\/2013\/03\/03-167x106.jpg 167w, https:\/\/l21.mx\/wp-content\/uploads\/2013\/03\/03-80x50.jpg 80w\" sizes=\"(max-width: 1024px) 100vw, 1024px\" \/><\/a><\/p>\n<p>Luego del 87 por ciento que se alcanz\u00f3 durante febrero, en la primera semana de marzo se registra una <strong>ocupaci\u00f3n hotelera<\/strong> <strong>del 88 por ciento<\/strong>, inform\u00f3 el presidente de la Asociaci\u00f3n de Hoteles de Canc\u00fan (AHC), <strong>Rodrigo de la Pe\u00f1a Segura.<\/strong><\/p>\n<p>Los \u201cspring breakers\u201d, que comenzaron a llegar la semana pasada, aunado con los visitantes que se esperan para Semana Santa, son factores que mantendr\u00e1n la buena ocupaci\u00f3n, hasta con expectativas de colocarse en este marzo por arriba del 88 por ciento, agreg\u00f3.<\/p>\n<p>\u201cEstos n\u00fameros son positivos para el polo tur\u00edstico, inclusive ir\u00edan a la alza, pues de acuerdo a las reservaciones y estimaciones del sector se continuar\u00e1 con la buena racha durante el primer cuatrimestre del a\u00f1o, con algunos fines de semana que alcanzar\u00e1n hasta el 90 por ciento\u201d, agreg\u00f3.<\/p>\n<p>Mencion\u00f3 que este polo vacacional cerr\u00f3 el mes de febrero con 87 por ciento de ocupaci\u00f3n, lo cual represent\u00f3 m\u00e1s de un mill\u00f3n de turistas alojados en los centros de hospedaje.<\/p>\n<p>Este movimiento tur\u00edstico, destac\u00f3, es resultado del trabajo conjunto entre el sector empresarial y el gobierno\u201c. Adem\u00e1s del impulso que da el Gobernador al sector tur\u00edstico del Estado, nos representa de manera excelente en la <strong>Comisi\u00f3n de Turismo de la Conferencia Nacional de Gobernadores (Conago)<\/strong> en donde ha realizado diversas acciones a favor de la industria\u201d, concluy\u00f3.<\/p>\n","protected":false},"excerpt":{"rendered":"<p>Luego del 87 por ciento que se alcanz\u00f3 durante febrero, en la primera semana de marzo&hellip;<\/p>\n","protected":false},"author":2,"featured_media":2003,"comment_status":"open","ping_status":"open","sticky":false,"template":"","format":"standard","meta":{"_acf_changed":false,"_lmt_disableupdate":"","_lmt_disable":"","_mbp_gutenberg_autopost":false,"footnotes":""},"categories":[23,8],"tags":[163,164,162],"class_list":["post-1997","post","type-post","status-publish","format-standard","has-post-thumbnail","hentry","category-noticias","category-turismo","tag-asociacion-de-hoteles-de-cancun","tag-rodrigo-de-la-pena-segura","tag-spring-breakers"],"acf":[],"_links":{"self":[{"href":"https:\/\/l21.mx\/index.php?rest_route=\/wp\/v2\/posts\/1997","targetHints":{"allow":["GET"]}}],"collection":[{"href":"https:\/\/l21.mx\/index.php?rest_route=\/wp\/v2\/posts"}],"about":[{"href":"https:\/\/l21.mx\/index.php?rest_route=\/wp\/v2\/types\/post"}],"author":[{"embeddable":true,"href":"https:\/\/l21.mx\/index.php?rest_route=\/wp\/v2\/users\/2"}],"replies":[{"embeddable":true,"href":"https:\/\/l21.mx\/index.php?rest_route=%2Fwp%2Fv2%2Fcomments&post=1997"}],"version-history":[{"count":0,"href":"https:\/\/l21.mx\/index.php?rest_route=\/wp\/v2\/posts\/1997\/revisions"}],"wp:featuredmedia":[{"embeddable":true,"href":"https:\/\/l21.mx\/index.php?rest_route=\/wp\/v2\/media\/2003"}],"wp:attachment":[{"href":"https:\/\/l21.mx\/index.php?rest_route=%2Fwp%2Fv2%2Fmedia&parent=1997"}],"wp:term":[{"taxonomy":"category","embeddable":true,"href":"https:\/\/l21.mx\/index.php?rest_route=%2Fwp%2Fv2%2Fcategories&post=1997"},{"taxonomy":"post_tag","embeddable":true,"href":"https:\/\/l21.mx\/index.php?rest_route=%2Fwp%2Fv2%2Ftags&post=1997"}],"curies":[{"name":"wp","href":"https:\/\/api.w.org\/{rel}","templated":true}]}}