{"id":20019,"date":"2016-06-01T12:10:57","date_gmt":"2016-06-01T17:10:57","guid":{"rendered":"http:\/\/innovatori.space\/lat21\/?p=20019"},"modified":"2016-06-01T12:14:08","modified_gmt":"2016-06-01T17:14:08","slug":"aroma-cilantro","status":"publish","type":"post","link":"https:\/\/l21.mx\/?p=20019","title":{"rendered":"\u2191\u2191 Aroma Cilantro"},"content":{"rendered":"<p><a href=\"http:\/\/l21.mx\/wp-content\/uploads\/2016\/06\/aroma-cilantro.png\" data-rel=\"penci-gallery-image-content\" ><img fetchpriority=\"high\" decoding=\"async\" class=\"aligncenter size-large wp-image-20021\" title=\"aroma-cilantro\" src=\"http:\/\/l21.mx\/wp-content\/uploads\/2016\/06\/aroma-cilantro-1024x679.png\" alt=\"\" width=\"1024\" height=\"679\" srcset=\"https:\/\/l21.mx\/wp-content\/uploads\/2016\/06\/aroma-cilantro-1024x679.png 1024w, https:\/\/l21.mx\/wp-content\/uploads\/2016\/06\/aroma-cilantro-300x199.png 300w, https:\/\/l21.mx\/wp-content\/uploads\/2016\/06\/aroma-cilantro-768x509.png 768w, https:\/\/l21.mx\/wp-content\/uploads\/2016\/06\/aroma-cilantro-1170x776.png 1170w, https:\/\/l21.mx\/wp-content\/uploads\/2016\/06\/aroma-cilantro-780x516.png 780w, https:\/\/l21.mx\/wp-content\/uploads\/2016\/06\/aroma-cilantro-585x388.png 585w, https:\/\/l21.mx\/wp-content\/uploads\/2016\/06\/aroma-cilantro-263x175.png 263w, https:\/\/l21.mx\/wp-content\/uploads\/2016\/06\/aroma-cilantro.png 1200w\" sizes=\"(max-width: 1024px) 100vw, 1024px\" \/><\/a><\/p>\n<p>&nbsp;<\/p>\n<p>El grupo de inversores representados por Jorge Ord\u00f3\u00f1ez y la chef Karla Enciso ponen en marcha la segunda sucursal del concepto Antojer\u00eda de Autor, tras una inyecci\u00f3n de capital estimada en los dos millones de pesos. Con un vasto men\u00fa conformado por cl\u00e1sicos platos de la cocina popular mexicana, ingresa en un espacio de 69 m2 al interior y 20 m2 al exterior y capacidad para recibir 40 y 20 comensales, respectivamente. Gener\u00f3 10 empleos indirectos y 15 de manera permanente. Plaza La Roca, planta baja, Bulevar Cumbres. Tel. (998) 882-00-11, Facebook: Aroma Cilantro.<\/p>\n<div><\/div>\n","protected":false},"excerpt":{"rendered":"<p>&nbsp; El grupo de inversores representados por Jorge Ord\u00f3\u00f1ez y la chef Karla Enciso ponen en&hellip;<\/p>\n","protected":false},"author":2,"featured_media":20021,"comment_status":"open","ping_status":"open","sticky":false,"template":"","format":"standard","meta":{"_acf_changed":false,"_lmt_disableupdate":"","_lmt_disable":"","_mbp_gutenberg_autopost":false,"footnotes":""},"categories":[10],"tags":[],"class_list":["post-20019","post","type-post","status-publish","format-standard","has-post-thumbnail","hentry","category-sube-y-baja"],"acf":[],"_links":{"self":[{"href":"https:\/\/l21.mx\/index.php?rest_route=\/wp\/v2\/posts\/20019","targetHints":{"allow":["GET"]}}],"collection":[{"href":"https:\/\/l21.mx\/index.php?rest_route=\/wp\/v2\/posts"}],"about":[{"href":"https:\/\/l21.mx\/index.php?rest_route=\/wp\/v2\/types\/post"}],"author":[{"embeddable":true,"href":"https:\/\/l21.mx\/index.php?rest_route=\/wp\/v2\/users\/2"}],"replies":[{"embeddable":true,"href":"https:\/\/l21.mx\/index.php?rest_route=%2Fwp%2Fv2%2Fcomments&post=20019"}],"version-history":[{"count":0,"href":"https:\/\/l21.mx\/index.php?rest_route=\/wp\/v2\/posts\/20019\/revisions"}],"wp:featuredmedia":[{"embeddable":true,"href":"https:\/\/l21.mx\/index.php?rest_route=\/wp\/v2\/media\/20021"}],"wp:attachment":[{"href":"https:\/\/l21.mx\/index.php?rest_route=%2Fwp%2Fv2%2Fmedia&parent=20019"}],"wp:term":[{"taxonomy":"category","embeddable":true,"href":"https:\/\/l21.mx\/index.php?rest_route=%2Fwp%2Fv2%2Fcategories&post=20019"},{"taxonomy":"post_tag","embeddable":true,"href":"https:\/\/l21.mx\/index.php?rest_route=%2Fwp%2Fv2%2Ftags&post=20019"}],"curies":[{"name":"wp","href":"https:\/\/api.w.org\/{rel}","templated":true}]}}