{"id":20166,"date":"2016-06-13T18:30:26","date_gmt":"2016-06-13T23:30:26","guid":{"rendered":"http:\/\/innovatori.space\/lat21\/?p=20166"},"modified":"2016-06-13T18:30:26","modified_gmt":"2016-06-13T23:30:26","slug":"luego-de-10-anos-sin-conexiones-directas-este-lunes-arribo-el-vuelo-directo-dublin-cancun-al-aeropuerto-internacional-de-esta-ciudad","status":"publish","type":"post","link":"https:\/\/l21.mx\/?p=20166","title":{"rendered":"Luego de 10 a\u00f1os sin conexiones directas, este lunes arrib\u00f3 el vuelo directo Dubl\u00edn \u2013 Canc\u00fan al Aeropuerto Internacional de \u00e9sta ciudad"},"content":{"rendered":"<ul>\n<li><a href=\"http:\/\/l21.mx\/wp-content\/uploads\/2016\/06\/VUELO-1.jpg\" data-rel=\"penci-gallery-image-content\" ><img fetchpriority=\"high\" decoding=\"async\" class=\"aligncenter size-large wp-image-20169\" title=\"VUELO-1\" src=\"http:\/\/l21.mx\/wp-content\/uploads\/2016\/06\/VUELO-1-1024x576.jpg\" alt=\"\" width=\"1024\" height=\"576\" srcset=\"https:\/\/l21.mx\/wp-content\/uploads\/2016\/06\/VUELO-1-1024x576.jpg 1024w, https:\/\/l21.mx\/wp-content\/uploads\/2016\/06\/VUELO-1-300x169.jpg 300w, https:\/\/l21.mx\/wp-content\/uploads\/2016\/06\/VUELO-1-768x432.jpg 768w, https:\/\/l21.mx\/wp-content\/uploads\/2016\/06\/VUELO-1-585x329.jpg 585w, https:\/\/l21.mx\/wp-content\/uploads\/2016\/06\/VUELO-1.jpg 1032w\" sizes=\"(max-width: 1024px) 100vw, 1024px\" \/><\/a><\/li>\n<li>\u00a0<strong>Ra\u00fal Andrade Angulo, Secretario de Turismo encabez\u00f3 la recepci\u00f3n que el Gobierno de Quintana Roo ofreci\u00f3 al vuelo operado por la empresa Falcon Holidays &amp; Thompson\u00a0<\/strong><\/li>\n<\/ul>\n<p><strong>\u00a0<\/strong><\/p>\n<p>&nbsp;<\/p>\n<p><strong>CANC\u00daN, Quintana Roo, 13 de junio.<\/strong>&#8211; Con 288 pasajeros provenientes de Dubl\u00edn, Irlanda; arrib\u00f3 este lunes al Aeropuerto Internacional de Canc\u00fan, el vuelo TOM536 operado por Falcon Holidays y Thomson, empresa miembro de TUI Group; esto de luego de 10 a\u00f1os sin conexiones directas con ese pa\u00eds europeo, lo que incrementa la competitividad tur\u00edstica del Caribe Mexicano por su conectividad internacional, inform\u00f3 Ra\u00fal Andrade Angulo.<\/p>\n<p>&nbsp;<\/p>\n<p>Por ello el Gobierno de Quintana Roo ofreci\u00f3 una recepci\u00f3n al primer grupo de viajeros que arribaron al destino a trav\u00e9s de \u00e9ste vuelo que operar\u00e1 una vez a la semana durante 6 semanas, con modernos aviones 787 Dreamliner, quienes al son el mariachi pisaron suelo mexicano.<\/p>\n<p>&nbsp;<\/p>\n<p>Ra\u00fal Andrade Angulo, explic\u00f3 que de acuerdo a datos del Consejo de Promoci\u00f3n Tur\u00edstica de M\u00e9xico (CPTM), durante el 2015, 24 mil turistas irlandeses viajaron a M\u00e9xico, de los cuales 16 mil 905 viajaron a Quintana Roo, lo que representa que casi el 70% del turismo irland\u00e9s viajo al Caribe Mexicano.<\/p>\n<p>&nbsp;<\/p>\n<p>El Secretario Estatal de Turismo, record\u00f3 que el Gobernador, Roberto Borge hace unos d\u00edas celebr\u00f3 la llegada de este nuevo vuelo directo al Aeropuerto Internacional de Canc\u00fan, pues dijo \u201cabonar\u00e1 a los esfuerzos para ampliar los mercados tur\u00edsticos de Canc\u00fan, a fin de mantener al Estado como el principal destino tur\u00edstico de M\u00e9xico y Latinoam\u00e9rica\u201d.<\/p>\n<p>&nbsp;<\/p>\n<p>Andrade Angulo, concluy\u00f3 enfatizando que este nuevo vuelo, es producto de las acciones que la actual administraci\u00f3n estatal ha realizado durante los \u00faltimos 5 a\u00f1os para consolidar al sector tur\u00edstico, y tener un Quintana Roo mas fuerte, generador de empleos y con una econom\u00eda s\u00f3lida.<\/p>\n","protected":false},"excerpt":{"rendered":"<p>\u00a0Ra\u00fal Andrade Angulo, Secretario de Turismo encabez\u00f3 la recepci\u00f3n que el Gobierno de Quintana Roo ofreci\u00f3&hellip;<\/p>\n","protected":false},"author":2,"featured_media":20169,"comment_status":"open","ping_status":"open","sticky":false,"template":"","format":"standard","meta":{"_acf_changed":false,"_lmt_disableupdate":"","_lmt_disable":"","_mbp_gutenberg_autopost":false,"footnotes":""},"categories":[23,1,8],"tags":[],"class_list":["post-20166","post","type-post","status-publish","format-standard","has-post-thumbnail","hentry","category-noticias","category-sin-categoria","category-turismo"],"acf":[],"_links":{"self":[{"href":"https:\/\/l21.mx\/index.php?rest_route=\/wp\/v2\/posts\/20166","targetHints":{"allow":["GET"]}}],"collection":[{"href":"https:\/\/l21.mx\/index.php?rest_route=\/wp\/v2\/posts"}],"about":[{"href":"https:\/\/l21.mx\/index.php?rest_route=\/wp\/v2\/types\/post"}],"author":[{"embeddable":true,"href":"https:\/\/l21.mx\/index.php?rest_route=\/wp\/v2\/users\/2"}],"replies":[{"embeddable":true,"href":"https:\/\/l21.mx\/index.php?rest_route=%2Fwp%2Fv2%2Fcomments&post=20166"}],"version-history":[{"count":0,"href":"https:\/\/l21.mx\/index.php?rest_route=\/wp\/v2\/posts\/20166\/revisions"}],"wp:featuredmedia":[{"embeddable":true,"href":"https:\/\/l21.mx\/index.php?rest_route=\/wp\/v2\/media\/20169"}],"wp:attachment":[{"href":"https:\/\/l21.mx\/index.php?rest_route=%2Fwp%2Fv2%2Fmedia&parent=20166"}],"wp:term":[{"taxonomy":"category","embeddable":true,"href":"https:\/\/l21.mx\/index.php?rest_route=%2Fwp%2Fv2%2Fcategories&post=20166"},{"taxonomy":"post_tag","embeddable":true,"href":"https:\/\/l21.mx\/index.php?rest_route=%2Fwp%2Fv2%2Ftags&post=20166"}],"curies":[{"name":"wp","href":"https:\/\/api.w.org\/{rel}","templated":true}]}}