{"id":20205,"date":"2016-06-17T11:36:22","date_gmt":"2016-06-17T16:36:22","guid":{"rendered":"http:\/\/innovatori.space\/lat21\/?p=20205"},"modified":"2016-06-17T11:36:22","modified_gmt":"2016-06-17T16:36:22","slug":"establecen-sectur-y-best-day-alianza-estrategica-para-impulsar-viajemos-todos-por-mexico","status":"publish","type":"post","link":"https:\/\/l21.mx\/?p=20205","title":{"rendered":"ESTABLECEN SECTUR Y BEST DAY ALIANZA ESTR\u00c1TEGICA PARA IMPULSAR \u201cVIAJEMOS TODOS POR M\u00c9XICO\u201d"},"content":{"rendered":"<ul>\n<li><strong><a href=\"http:\/\/l21.mx\/wp-content\/uploads\/2016\/06\/SECTUR-viajemos-todos-por-mexico.jpg\" data-rel=\"penci-gallery-image-content\" ><img fetchpriority=\"high\" decoding=\"async\" class=\"aligncenter size-large wp-image-20208\" title=\"SECTUR-viajemos-todos-por-mexico\" src=\"http:\/\/l21.mx\/wp-content\/uploads\/2016\/06\/SECTUR-viajemos-todos-por-mexico-1024x805.jpg\" alt=\"\" width=\"1024\" height=\"805\" \/><\/a><\/strong><\/li>\n<li><strong>La alianza tiene por objeto\u00a0 apoyar el movimiento \u201cViajemos Todos por M\u00e9xico\u201d, a trav\u00e9s de la plataforma tecnol\u00f3gica de\u00a0la agencia de viajes en l\u00ednea<\/strong><\/li>\n<\/ul>\n<ul>\n<li><strong>Los clientes de Best Day podr\u00e1n ingresar al programa \u201cPaguitos\u201d, que permitir\u00e1\u00a0realizar abonos por adelantado de paquetes vacacionales<\/strong><\/li>\n<\/ul>\n<ul>\n<li><strong>Adem\u00e1s, ofrecer\u00e1n a todos los adultos mayores inscritos en los programas del Inapam, un descuento directo de $500 pesos en la compra de paquetes tur\u00edsticos<\/strong><\/li>\n<\/ul>\n<p><strong>&#8211;<\/strong>La <strong>Secretar\u00eda del Turismo<\/strong> (Sectur) del Gobierno de la Rep\u00fablica estableci\u00f3 una alianza estrat\u00e9gica con <strong>Best Day Travel Group<\/strong><em>,<\/em> a fin de posicionar el movimiento nacional <strong>\u201cViajemos todos por M\u00e9xico\u201d<\/strong>, para que, a trav\u00e9s de esta plataforma, m\u00e1s mexicanos tengan la oportunidad de disfrutar las maravillas que ofrecen los diversos destinos tur\u00edsticos del pa\u00eds.<\/p>\n<p><em>\u201c<\/em><em>Para Best Day Travel Group es un honor reafirmar la alianza con la Secretar\u00eda de Turismo, y colaborar de la mano con el Lic. De La Madrid Cordero. Nuestro compromiso es ofrecer el respaldo de experiencia y tecnolog\u00eda, integrando los servicios de nuestras plataformas de negocio, potenciando todo lo que como grupo tur\u00edstico podamos brindar al movimiento Viajemos Todos por M\u00e9xico\u201d, <\/em>mencion\u00f3 el <strong>Lic. MBA<\/strong><em> <\/em><strong>Christian Kremers<\/strong>,<strong> CEO<\/strong> <strong>de<\/strong> <strong>Best Day Travel Group.<\/strong><strong>\u00a0<\/strong><\/p>\n<p>Explic\u00f3 que los clientes de <strong>Best Day<\/strong> podr\u00e1n ingresar al programa \u201cPaguitos\u201d, que permitir\u00e1 a los viajeros\u00a0 realizar abonos, por adelantado, de paquetes vacacionales para los\u00a0 destinos tur\u00edsticos del pa\u00eds.<\/p>\n<p>La estrategia de <strong>Best Day<\/strong> contempla\u00a0 la instalaci\u00f3n de\u00a0 m\u00f3dulos\u00a0 de informaci\u00f3n y venta de paquetes, tematizados con la imagen de <strong>\u201cViajemos Todos por M\u00e9xico\u201d<\/strong> en oficinas p\u00fablicas y del sector privado. Adem\u00e1s, tendr\u00e1n presencia en las 200 islas de plazas comerciales con las que cuenta la agencia de viajes en l\u00ednea del pa\u00eds.<\/p>\n<p>El movimiento nacional <strong>\u201cViajemos todos por M\u00e9xico\u201d<\/strong> es incluyente y con responsabilidad social, por esta raz\u00f3n la <strong>Sectur<\/strong> y <strong>Best Day<\/strong> ofrecer\u00e1n a todos los adultos mayores inscritos en los programas del Instituto Nacional de las Personas Adultas Mayores (Inapam), un descuento directo de $500 pesos en la compra de paquetes tur\u00edsticos.<\/p>\n<p>Adicionalmente, como parte de esta alianza <strong>Best Day Travel Group<\/strong>\u00a0 destinar\u00e1 $50 mil d\u00f3lares, para\u00a0 promocionar el movimiento en medios propios y de socios comerciales.<\/p>\n<p>\u201c<em>Para apoyar el movimiento \u201cViajemos Todos por M\u00e9xico\u201d, Best Day dise\u00f1\u00f3,\u00a0 una landing page donde los consumidores tendr\u00e1n acceso a los paquetes de viajes y ofertas de los destinos tur\u00edsticos que conforman el\u00a0 movimiento nacional \u201cViajemos todos por M\u00e9xico\u201d,<\/em><strong> <\/strong>indic\u00f3 el<strong> Alejandro Su\u00e1rez, Director General de BD TRAVEL<\/strong>Solution.<strong><\/strong><\/p>\n","protected":false},"excerpt":{"rendered":"<p>La alianza tiene por objeto\u00a0 apoyar el movimiento \u201cViajemos Todos por M\u00e9xico\u201d, a trav\u00e9s de la&hellip;<\/p>\n","protected":false},"author":2,"featured_media":20208,"comment_status":"open","ping_status":"open","sticky":false,"template":"","format":"standard","meta":{"_acf_changed":false,"_lmt_disableupdate":"","_lmt_disable":"","_mbp_gutenberg_autopost":false,"footnotes":""},"categories":[4,23],"tags":[],"class_list":["post-20205","post","type-post","status-publish","format-standard","has-post-thumbnail","hentry","category-empresas-y-negocios","category-noticias"],"acf":[],"_links":{"self":[{"href":"https:\/\/l21.mx\/index.php?rest_route=\/wp\/v2\/posts\/20205","targetHints":{"allow":["GET"]}}],"collection":[{"href":"https:\/\/l21.mx\/index.php?rest_route=\/wp\/v2\/posts"}],"about":[{"href":"https:\/\/l21.mx\/index.php?rest_route=\/wp\/v2\/types\/post"}],"author":[{"embeddable":true,"href":"https:\/\/l21.mx\/index.php?rest_route=\/wp\/v2\/users\/2"}],"replies":[{"embeddable":true,"href":"https:\/\/l21.mx\/index.php?rest_route=%2Fwp%2Fv2%2Fcomments&post=20205"}],"version-history":[{"count":0,"href":"https:\/\/l21.mx\/index.php?rest_route=\/wp\/v2\/posts\/20205\/revisions"}],"wp:featuredmedia":[{"embeddable":true,"href":"https:\/\/l21.mx\/index.php?rest_route=\/wp\/v2\/media\/20208"}],"wp:attachment":[{"href":"https:\/\/l21.mx\/index.php?rest_route=%2Fwp%2Fv2%2Fmedia&parent=20205"}],"wp:term":[{"taxonomy":"category","embeddable":true,"href":"https:\/\/l21.mx\/index.php?rest_route=%2Fwp%2Fv2%2Fcategories&post=20205"},{"taxonomy":"post_tag","embeddable":true,"href":"https:\/\/l21.mx\/index.php?rest_route=%2Fwp%2Fv2%2Ftags&post=20205"}],"curies":[{"name":"wp","href":"https:\/\/api.w.org\/{rel}","templated":true}]}}