{"id":20558,"date":"2016-07-19T18:41:05","date_gmt":"2016-07-19T23:41:05","guid":{"rendered":"http:\/\/innovatori.space\/lat21\/?p=20558"},"modified":"2016-07-12T11:41:44","modified_gmt":"2016-07-12T16:41:44","slug":"valoraran-beneficios-de-pastos-marinos-de-la-peninsula-de-yucatan","status":"publish","type":"post","link":"https:\/\/l21.mx\/?p=20558","title":{"rendered":"Valorar\u00e1n beneficios de pastos marinos de la Pen\u00ednsula de Yucat\u00e1n"},"content":{"rendered":"<p><em>L\u00e9ekel<\/em><\/p>\n<p><a href=\"http:\/\/l21.mx\/wp-content\/uploads\/2016\/07\/pastos-marinos-yucatan.jpg\" data-rel=\"penci-gallery-image-content\" ><img fetchpriority=\"high\" decoding=\"async\" class=\"aligncenter size-large wp-image-20561\" title=\"pastos-marinos-yucatan\" src=\"http:\/\/l21.mx\/wp-content\/uploads\/2016\/07\/pastos-marinos-yucatan-1024x681.jpg\" alt=\"\" width=\"1024\" height=\"681\" \/><\/a>M\u00e9xico inici\u00f3 un proyecto para mapear los pastos marinos y cuantificar la cantidad de carbono azul almacenado por estos h\u00e1bitats de la Pen\u00ednsula de Yucat\u00e1n, desde Holbox hasta Tulum, particularmente en el Parque Nacional Arrecifes de Puerto Morelos y el \u00c1rea de Protecci\u00f3n de Flora y Fauna Yum Balam, Quintana Roo.<\/p>\n<p>Los avances del proyecto denominado Pr\u00f3ximos pasos en la Ciencia hacia la Formulaci\u00f3n de Pol\u00edticas en Materia de Carbono Azul en Am\u00e9rica del Norte,\u00a0 se dieron a conocer durante la Reuni\u00f3n Trinacional de Expertos en Carbono Azul en Tofino, British Columbia, Canad\u00e1, que lidera la Comisi\u00f3n para la Cooperaci\u00f3n Ambiental (CCA), que integran Canad\u00e1, Estados Unidos y M\u00e9xico.<\/p>\n<p>El carbono azul es el que se encuentra almacenado en los ecosistemas marino-costeros. La captura de carbono es un proceso natural, por medio del cual ciertas plantas captan di\u00f3xido de carbono (CO2) de la atm\u00f3sfera y lo almacenan en su estructura y en el sedimento. En t\u00e9rminos de cambio clim\u00e1tico, dichos h\u00e1bitats contribuyen a la mitigaci\u00f3n.<\/p>\n<div><\/div>\n","protected":false},"excerpt":{"rendered":"<p>L\u00e9ekel M\u00e9xico inici\u00f3 un proyecto para mapear los pastos marinos y cuantificar la cantidad de carbono&hellip;<\/p>\n","protected":false},"author":2,"featured_media":20561,"comment_status":"open","ping_status":"open","sticky":false,"template":"","format":"standard","meta":{"_acf_changed":false,"_lmt_disableupdate":"","_lmt_disable":"","_mbp_gutenberg_autopost":false,"footnotes":""},"categories":[223,23],"tags":[],"class_list":["post-20558","post","type-post","status-publish","format-standard","has-post-thumbnail","hentry","category-meridiano-87","category-noticias"],"acf":[],"_links":{"self":[{"href":"https:\/\/l21.mx\/index.php?rest_route=\/wp\/v2\/posts\/20558","targetHints":{"allow":["GET"]}}],"collection":[{"href":"https:\/\/l21.mx\/index.php?rest_route=\/wp\/v2\/posts"}],"about":[{"href":"https:\/\/l21.mx\/index.php?rest_route=\/wp\/v2\/types\/post"}],"author":[{"embeddable":true,"href":"https:\/\/l21.mx\/index.php?rest_route=\/wp\/v2\/users\/2"}],"replies":[{"embeddable":true,"href":"https:\/\/l21.mx\/index.php?rest_route=%2Fwp%2Fv2%2Fcomments&post=20558"}],"version-history":[{"count":0,"href":"https:\/\/l21.mx\/index.php?rest_route=\/wp\/v2\/posts\/20558\/revisions"}],"wp:featuredmedia":[{"embeddable":true,"href":"https:\/\/l21.mx\/index.php?rest_route=\/wp\/v2\/media\/20561"}],"wp:attachment":[{"href":"https:\/\/l21.mx\/index.php?rest_route=%2Fwp%2Fv2%2Fmedia&parent=20558"}],"wp:term":[{"taxonomy":"category","embeddable":true,"href":"https:\/\/l21.mx\/index.php?rest_route=%2Fwp%2Fv2%2Fcategories&post=20558"},{"taxonomy":"post_tag","embeddable":true,"href":"https:\/\/l21.mx\/index.php?rest_route=%2Fwp%2Fv2%2Ftags&post=20558"}],"curies":[{"name":"wp","href":"https:\/\/api.w.org\/{rel}","templated":true}]}}