{"id":20589,"date":"2016-07-27T18:43:10","date_gmt":"2016-07-27T23:43:10","guid":{"rendered":"http:\/\/innovatori.space\/lat21\/?p=20589"},"modified":"2016-07-27T18:43:10","modified_gmt":"2016-07-27T23:43:10","slug":"xcaret-reafirma-su-compromiso-por-proteger-al-flamenco-rosado","status":"publish","type":"post","link":"https:\/\/l21.mx\/?p=20589","title":{"rendered":"Xcaret reafirma su compromiso por proteger al flamenco rosado"},"content":{"rendered":"<p align=\"center\"><a href=\"http:\/\/l21.mx\/wp-content\/uploads\/2016\/07\/flamencos.jpg\" data-rel=\"penci-gallery-image-content\" ><img fetchpriority=\"high\" decoding=\"async\" class=\"aligncenter size-large wp-image-20590\" title=\"flamencos\" src=\"http:\/\/l21.mx\/wp-content\/uploads\/2016\/07\/flamencos-1024x768.jpg\" alt=\"\" width=\"1024\" height=\"768\" srcset=\"https:\/\/l21.mx\/wp-content\/uploads\/2016\/07\/flamencos-1024x768.jpg 1024w, https:\/\/l21.mx\/wp-content\/uploads\/2016\/07\/flamencos-300x225.jpg 300w, https:\/\/l21.mx\/wp-content\/uploads\/2016\/07\/flamencos-768x576.jpg 768w, https:\/\/l21.mx\/wp-content\/uploads\/2016\/07\/flamencos-1170x878.jpg 1170w, https:\/\/l21.mx\/wp-content\/uploads\/2016\/07\/flamencos-585x439.jpg 585w, https:\/\/l21.mx\/wp-content\/uploads\/2016\/07\/flamencos.jpg 1200w\" sizes=\"(max-width: 1024px) 100vw, 1024px\" \/><\/a><\/p>\n<p align=\"center\"><strong><em>Xcaret cumple 25 a\u00f1os desarrollando programas de reproducci\u00f3n y conservaci\u00f3n.<\/em><\/strong><\/p>\n<ul>\n<li><strong><em>Al d\u00eda de hoy se ha logrado el nacimiento de m\u00e1s de 130 flamencos.<\/em><\/strong><strong><em><\/em><\/strong><\/li>\n<li><strong><em>La costa de Yucat\u00e1n es considerada como el \u00fanico lugar del continente americano donde ha anidado en forma sucesiva e ininterrumpida.<\/em><\/strong><strong><em><\/em><\/strong><\/li>\n<\/ul>\n<p>&nbsp;<\/p>\n<p>Xcaret cumple 25 a\u00f1os desarrollando programas de reproducci\u00f3n y conservaci\u00f3n de distintas especies, entre ellas el del Flamenco Rosado Caribe\u00f1o.<\/p>\n<p>El flamenco es una de las aves m\u00e1s grandes, coloridas y bellas que existen no solo en el sureste mexicano sino en todo el mundo (Phoenicopterus ruber ruber). Su caracter\u00edstico plumaje que va del rosa al rojo y del carmes\u00ed al escarlata se da gracias a un pigmento carotenoide presente en muchos de los elementos de su dieta como camarones, plancton, algas y crust\u00e1ceos. Este pigmento se logra descomponer en el h\u00edgado del flamenco y luego se dispersa hacia las plumas, el pico y sus patas, tomando as\u00ed su color caracter\u00edstico.<\/p>\n<p>En el a\u00f1o 20013 Xcaret dio inicio con el programa de reproducci\u00f3n de Flamenco Rosado Caribe\u00f1o con la creaci\u00f3n de 60 parejas, las cuales, en 2004 dieron un total de 10 cr\u00edas; hasta el d\u00eda de hoy y tras 13 a\u00f1os de una espl\u00e9ndida labor de cada uno de los bi\u00f3logos, veterinarios y colaboradores del parque Xcaret se ha logrado el nacimiento de m\u00e1s de 130 flamencos.<\/p>\n<p>El flamenco es una especie de gran talla, que mide entre 1.12 y 1.22 m de longitud y llega a pesar de dos a tres kg; se le reconoce de inmediato por sus largas patas, su cuerpo relativamente corto y por su pico curvo inconfundible.<\/p>\n<p>En M\u00e9xico, habitan en la pen\u00ednsula de Yucat\u00e1n, en sitios bordeados por barras arenosas a veces cubiertos por vegetaci\u00f3n de duna costera y separadas del continente por un mosaico de tierras inundables. Esta costa es considerada como el \u00fanico lugar en tierra firme del continente americano donde ha anidado en forma sucesiva e ininterrumpida desde tiempos inmemoriales.<\/p>\n","protected":false},"excerpt":{"rendered":"<p>Xcaret cumple 25 a\u00f1os desarrollando programas de reproducci\u00f3n y conservaci\u00f3n. Al d\u00eda de hoy se ha&hellip;<\/p>\n","protected":false},"author":2,"featured_media":20592,"comment_status":"open","ping_status":"open","sticky":false,"template":"","format":"standard","meta":{"_acf_changed":false,"_lmt_disableupdate":"","_lmt_disable":"","_mbp_gutenberg_autopost":false,"footnotes":""},"categories":[4,23],"tags":[],"class_list":["post-20589","post","type-post","status-publish","format-standard","has-post-thumbnail","hentry","category-empresas-y-negocios","category-noticias"],"acf":[],"_links":{"self":[{"href":"https:\/\/l21.mx\/index.php?rest_route=\/wp\/v2\/posts\/20589","targetHints":{"allow":["GET"]}}],"collection":[{"href":"https:\/\/l21.mx\/index.php?rest_route=\/wp\/v2\/posts"}],"about":[{"href":"https:\/\/l21.mx\/index.php?rest_route=\/wp\/v2\/types\/post"}],"author":[{"embeddable":true,"href":"https:\/\/l21.mx\/index.php?rest_route=\/wp\/v2\/users\/2"}],"replies":[{"embeddable":true,"href":"https:\/\/l21.mx\/index.php?rest_route=%2Fwp%2Fv2%2Fcomments&post=20589"}],"version-history":[{"count":0,"href":"https:\/\/l21.mx\/index.php?rest_route=\/wp\/v2\/posts\/20589\/revisions"}],"wp:featuredmedia":[{"embeddable":true,"href":"https:\/\/l21.mx\/index.php?rest_route=\/wp\/v2\/media\/20592"}],"wp:attachment":[{"href":"https:\/\/l21.mx\/index.php?rest_route=%2Fwp%2Fv2%2Fmedia&parent=20589"}],"wp:term":[{"taxonomy":"category","embeddable":true,"href":"https:\/\/l21.mx\/index.php?rest_route=%2Fwp%2Fv2%2Fcategories&post=20589"},{"taxonomy":"post_tag","embeddable":true,"href":"https:\/\/l21.mx\/index.php?rest_route=%2Fwp%2Fv2%2Ftags&post=20589"}],"curies":[{"name":"wp","href":"https:\/\/api.w.org\/{rel}","templated":true}]}}