{"id":20760,"date":"2016-08-04T13:10:24","date_gmt":"2016-08-04T18:10:24","guid":{"rendered":"http:\/\/innovatori.space\/lat21\/?p=20760"},"modified":"2016-08-04T13:10:45","modified_gmt":"2016-08-04T18:10:45","slug":"estetica-bernard","status":"publish","type":"post","link":"https:\/\/l21.mx\/?p=20760","title":{"rendered":"\u2191\u2191 Est\u00e9tica Bernard"},"content":{"rendered":"<p><a href=\"http:\/\/l21.mx\/wp-content\/uploads\/2016\/08\/Estetica-Bernard.jpg\" data-rel=\"penci-gallery-image-content\" ><img fetchpriority=\"high\" decoding=\"async\" class=\"alignleft size-full wp-image-20763\" title=\"Estetica-Bernard\" src=\"http:\/\/l21.mx\/wp-content\/uploads\/2016\/08\/Estetica-Bernard.jpg\" alt=\"\" width=\"870\" height=\"757\" srcset=\"https:\/\/l21.mx\/wp-content\/uploads\/2016\/08\/Estetica-Bernard.jpg 870w, https:\/\/l21.mx\/wp-content\/uploads\/2016\/08\/Estetica-Bernard-300x261.jpg 300w, https:\/\/l21.mx\/wp-content\/uploads\/2016\/08\/Estetica-Bernard-768x668.jpg 768w, https:\/\/l21.mx\/wp-content\/uploads\/2016\/08\/Estetica-Bernard-585x509.jpg 585w\" sizes=\"(max-width: 870px) 100vw, 870px\" \/><\/a><\/p>\n<p>Con un\u00a0 concepto de alto nivel en servicios de belleza abri\u00f3 sus puertas en Canc\u00fan la est\u00e9tica Bernard, con oferta de ocho estaciones de trabajo para atender a igual n\u00famero de personas en forma simult\u00e1nea. Superficie, 94 m2. Gener\u00f3 seis empleos directos. Av. Labn\u00e1, local 51. Tel. (998) 884-16-20<\/p>\n","protected":false},"excerpt":{"rendered":"<p>Con un\u00a0 concepto de alto nivel en servicios de belleza abri\u00f3 sus puertas en Canc\u00fan la&hellip;<\/p>\n","protected":false},"author":2,"featured_media":20763,"comment_status":"open","ping_status":"open","sticky":false,"template":"","format":"standard","meta":{"_acf_changed":false,"_lmt_disableupdate":"","_lmt_disable":"","_mbp_gutenberg_autopost":false,"footnotes":""},"categories":[23,10],"tags":[],"class_list":["post-20760","post","type-post","status-publish","format-standard","has-post-thumbnail","hentry","category-noticias","category-sube-y-baja"],"acf":[],"_links":{"self":[{"href":"https:\/\/l21.mx\/index.php?rest_route=\/wp\/v2\/posts\/20760","targetHints":{"allow":["GET"]}}],"collection":[{"href":"https:\/\/l21.mx\/index.php?rest_route=\/wp\/v2\/posts"}],"about":[{"href":"https:\/\/l21.mx\/index.php?rest_route=\/wp\/v2\/types\/post"}],"author":[{"embeddable":true,"href":"https:\/\/l21.mx\/index.php?rest_route=\/wp\/v2\/users\/2"}],"replies":[{"embeddable":true,"href":"https:\/\/l21.mx\/index.php?rest_route=%2Fwp%2Fv2%2Fcomments&post=20760"}],"version-history":[{"count":0,"href":"https:\/\/l21.mx\/index.php?rest_route=\/wp\/v2\/posts\/20760\/revisions"}],"wp:featuredmedia":[{"embeddable":true,"href":"https:\/\/l21.mx\/index.php?rest_route=\/wp\/v2\/media\/20763"}],"wp:attachment":[{"href":"https:\/\/l21.mx\/index.php?rest_route=%2Fwp%2Fv2%2Fmedia&parent=20760"}],"wp:term":[{"taxonomy":"category","embeddable":true,"href":"https:\/\/l21.mx\/index.php?rest_route=%2Fwp%2Fv2%2Fcategories&post=20760"},{"taxonomy":"post_tag","embeddable":true,"href":"https:\/\/l21.mx\/index.php?rest_route=%2Fwp%2Fv2%2Ftags&post=20760"}],"curies":[{"name":"wp","href":"https:\/\/api.w.org\/{rel}","templated":true}]}}