{"id":20779,"date":"2016-08-04T13:31:42","date_gmt":"2016-08-04T18:31:42","guid":{"rendered":"http:\/\/innovatori.space\/lat21\/?p=20779"},"modified":"2016-08-04T13:33:13","modified_gmt":"2016-08-04T18:33:13","slug":"marea-grill-bar-lounge-2","status":"publish","type":"post","link":"https:\/\/l21.mx\/?p=20779","title":{"rendered":"\u2193\u2193 Marea, Grill, Bar &#038; Lounge"},"content":{"rendered":"<p><a href=\"http:\/\/l21.mx\/wp-content\/uploads\/2016\/08\/Marea-Grill-Bar-Lounge.jpg\" data-rel=\"penci-gallery-image-content\" ><img fetchpriority=\"high\" decoding=\"async\" class=\"alignleft size-full wp-image-20782\" title=\"Marea-Grill-Bar-Lounge\" src=\"http:\/\/l21.mx\/wp-content\/uploads\/2016\/08\/Marea-Grill-Bar-Lounge.jpg\" alt=\"\" width=\"704\" height=\"871\" srcset=\"https:\/\/l21.mx\/wp-content\/uploads\/2016\/08\/Marea-Grill-Bar-Lounge.jpg 704w, https:\/\/l21.mx\/wp-content\/uploads\/2016\/08\/Marea-Grill-Bar-Lounge-242x300.jpg 242w, https:\/\/l21.mx\/wp-content\/uploads\/2016\/08\/Marea-Grill-Bar-Lounge-585x724.jpg 585w\" sizes=\"(max-width: 704px) 100vw, 704px\" \/><\/a><\/p>\n<p>El espacio gastron\u00f3mico, que formaba parte del consorcio restaurantero boutique Adamantium concluy\u00f3 operaciones en Playa del Carmen. Ten\u00eda un\u00a0 concepto <em>Fine Dining<\/em>, una oferta gastron\u00f3mica basada en comida francesa, mexicana y peruana, y capacidad para 150 comensales.<\/p>\n","protected":false},"excerpt":{"rendered":"<p>El espacio gastron\u00f3mico, que formaba parte del consorcio restaurantero boutique Adamantium concluy\u00f3 operaciones en Playa del&hellip;<\/p>\n","protected":false},"author":2,"featured_media":20782,"comment_status":"open","ping_status":"open","sticky":false,"template":"","format":"standard","meta":{"_acf_changed":false,"_lmt_disableupdate":"","_lmt_disable":"","_mbp_gutenberg_autopost":false,"footnotes":""},"categories":[23,10],"tags":[],"class_list":["post-20779","post","type-post","status-publish","format-standard","has-post-thumbnail","hentry","category-noticias","category-sube-y-baja"],"acf":[],"_links":{"self":[{"href":"https:\/\/l21.mx\/index.php?rest_route=\/wp\/v2\/posts\/20779","targetHints":{"allow":["GET"]}}],"collection":[{"href":"https:\/\/l21.mx\/index.php?rest_route=\/wp\/v2\/posts"}],"about":[{"href":"https:\/\/l21.mx\/index.php?rest_route=\/wp\/v2\/types\/post"}],"author":[{"embeddable":true,"href":"https:\/\/l21.mx\/index.php?rest_route=\/wp\/v2\/users\/2"}],"replies":[{"embeddable":true,"href":"https:\/\/l21.mx\/index.php?rest_route=%2Fwp%2Fv2%2Fcomments&post=20779"}],"version-history":[{"count":0,"href":"https:\/\/l21.mx\/index.php?rest_route=\/wp\/v2\/posts\/20779\/revisions"}],"wp:featuredmedia":[{"embeddable":true,"href":"https:\/\/l21.mx\/index.php?rest_route=\/wp\/v2\/media\/20782"}],"wp:attachment":[{"href":"https:\/\/l21.mx\/index.php?rest_route=%2Fwp%2Fv2%2Fmedia&parent=20779"}],"wp:term":[{"taxonomy":"category","embeddable":true,"href":"https:\/\/l21.mx\/index.php?rest_route=%2Fwp%2Fv2%2Fcategories&post=20779"},{"taxonomy":"post_tag","embeddable":true,"href":"https:\/\/l21.mx\/index.php?rest_route=%2Fwp%2Fv2%2Ftags&post=20779"}],"curies":[{"name":"wp","href":"https:\/\/api.w.org\/{rel}","templated":true}]}}