{"id":21023,"date":"2016-09-01T11:34:03","date_gmt":"2016-09-01T16:34:03","guid":{"rendered":"http:\/\/innovatori.space\/lat21\/?p=21023"},"modified":"2016-09-09T12:13:30","modified_gmt":"2016-09-09T17:13:30","slug":"mas-vale-tarde-que-nunca-2","status":"publish","type":"post","link":"https:\/\/l21.mx\/?p=21023","title":{"rendered":"M\u00e1s vale tarde que nunca"},"content":{"rendered":"<p><a href=\"http:\/\/l21.mx\/wp-content\/uploads\/2016\/09\/reserva-ecologica.jpg\" data-rel=\"penci-gallery-image-content\" ><img fetchpriority=\"high\" decoding=\"async\" class=\"aligncenter size-full wp-image-21028\" title=\"reserva-ecologica\" src=\"http:\/\/l21.mx\/wp-content\/uploads\/2016\/09\/reserva-ecologica.jpg\" alt=\"\" width=\"800\" height=\"532\" srcset=\"https:\/\/l21.mx\/wp-content\/uploads\/2016\/09\/reserva-ecologica.jpg 800w, https:\/\/l21.mx\/wp-content\/uploads\/2016\/09\/reserva-ecologica-300x200.jpg 300w, https:\/\/l21.mx\/wp-content\/uploads\/2016\/09\/reserva-ecologica-768x511.jpg 768w, https:\/\/l21.mx\/wp-content\/uploads\/2016\/09\/reserva-ecologica-585x389.jpg 585w, https:\/\/l21.mx\/wp-content\/uploads\/2016\/09\/reserva-ecologica-263x175.jpg 263w\" sizes=\"(max-width: 800px) 100vw, 800px\" \/><\/a><\/p>\n<p style=\"text-align: center;\"><strong>Despu\u00e9s de casi una d\u00e9cada, la Semarnat actualiza el Programa de Manejo del Parque Nacional de Isla Mujeres, Punta Canc\u00fan y Punta Nizuc<\/strong><\/p>\n<p>Luego de una evaluaci\u00f3n global para adecuarlo a las condiciones biol\u00f3gicas y socioecon\u00f3micas actuales, la Secretar\u00eda de Medio Ambiente y Recursos Naturales (Semarnat) public\u00f3 en el Diario Oficial de la Federaci\u00f3n (DOF) la actualizaci\u00f3n del Programa de Manejo del Parque Nacional Costa Occidental de Isla Mujeres, Punta Canc\u00fan y Punta Nizuc.<\/p>\n<p>De acuerdo con la Comisi\u00f3n Nacional de \u00c1reas Naturales Protegidas (Conanp), el programa, que se actualiza cada cinco a\u00f1os con la participaci\u00f3n de diversos sectores productivos y sociales de Canc\u00fan e Isla Mujeres, genera certeza en el desarrollo e inversi\u00f3n tur\u00edstica, adem\u00e1s de ajustar las nuevas tecnolog\u00edas y actividades ecotur\u00edsticas con la protecci\u00f3n de los ecosistemas.<\/p>\n<p>Con la actualizaci\u00f3n y publicaci\u00f3n de este esquema queda abrogado el Programa de Manejo del 2 de octubre de 1998.<\/p>\n<p>Al respecto, Ricardo G\u00f3mez Lozano, director Regional Pen\u00ednsula de Yucat\u00e1n y Caribe Mexicano de la Conanp, mencion\u00f3 que \u201clas actividades tur\u00edsticas que se realizaban a finales de los noventas son muy diferentes a las que se efect\u00faan hoy en d\u00eda, as\u00ed como el uso de cierto tipo de embarcaciones que no estaban contempladas en el programa\u201d.<\/p>\n<p>Esta modificaci\u00f3n integra diversos componentes que prev\u00e9n la participaci\u00f3n de los grupos organizados de pescadores de los municipios de Isla Mujeres y Benito Ju\u00e1rez en el cuidado y protecci\u00f3n de las especies marinas del Parque Nacional y que ellos tengan sitios alternativos para desarrollar su actividad pesquera.<\/p>\n<p>Asimismo el programa de manejo incluye la atenci\u00f3n de las zonas consideradas como fr\u00e1giles o sensibles a impactos naturales o de actividades humanas, como es el caso de las unidades arrecifales de La Cadenita, Cuevones y la Tercera Barrera Norte. Adem\u00e1s prev\u00e9 el redireccionamiento y restricci\u00f3n de los visitantes de acuerdo con las zonas permitidas, sin incurrir en capacidad de carga, as\u00ed como proponer sitios alternativos para desarrollar actividades de buceo libre y buceo aut\u00f3nomo, como es el caso del Museo Subacu\u00e1tico de Arte (Musa).<\/p>\n<p>Este instrumento tambi\u00e9n hace referencia al establecimiento de medidas de control y erradicaci\u00f3n contra especies ex\u00f3ticas invasoras, adem\u00e1s detalla los criterios para la regulaci\u00f3n de turismo, uso p\u00fablico y recreaci\u00f3n al aire libre, donde se trabajar\u00e1 en la capacitaci\u00f3n del personal en rescate acu\u00e1tico y primeros auxilios.<\/p>\n<p>\u201cCon el programa definimos cu\u00e1les son las actividades que son compatibles con el uso del \u00e1rea protegida, se establecen las reglas del juego perfectamente claras. Es un programas tan complejo y completo que solo existen dos en M\u00e9xico, el de Quintana Roo y el de Baja California\u201d, mencion\u00f3 G\u00f3mez Lozano <strong>(Marlene Hern\u00e1ndez)\u00a0<\/strong><\/p>\n<p>&nbsp;<\/p>\n<p>&nbsp;<\/p>\n","protected":false},"excerpt":{"rendered":"<p>Despu\u00e9s de casi una d\u00e9cada, la Semarnat actualiza el Programa de Manejo del Parque Nacional de&hellip;<\/p>\n","protected":false},"author":2,"featured_media":21028,"comment_status":"open","ping_status":"open","sticky":false,"template":"","format":"standard","meta":{"_acf_changed":false,"_lmt_disableupdate":"","_lmt_disable":"","_mbp_gutenberg_autopost":false,"footnotes":""},"categories":[35],"tags":[],"class_list":["post-21023","post","type-post","status-publish","format-standard","has-post-thumbnail","hentry","category-responsabilidad-social"],"acf":[],"_links":{"self":[{"href":"https:\/\/l21.mx\/index.php?rest_route=\/wp\/v2\/posts\/21023","targetHints":{"allow":["GET"]}}],"collection":[{"href":"https:\/\/l21.mx\/index.php?rest_route=\/wp\/v2\/posts"}],"about":[{"href":"https:\/\/l21.mx\/index.php?rest_route=\/wp\/v2\/types\/post"}],"author":[{"embeddable":true,"href":"https:\/\/l21.mx\/index.php?rest_route=\/wp\/v2\/users\/2"}],"replies":[{"embeddable":true,"href":"https:\/\/l21.mx\/index.php?rest_route=%2Fwp%2Fv2%2Fcomments&post=21023"}],"version-history":[{"count":0,"href":"https:\/\/l21.mx\/index.php?rest_route=\/wp\/v2\/posts\/21023\/revisions"}],"wp:featuredmedia":[{"embeddable":true,"href":"https:\/\/l21.mx\/index.php?rest_route=\/wp\/v2\/media\/21028"}],"wp:attachment":[{"href":"https:\/\/l21.mx\/index.php?rest_route=%2Fwp%2Fv2%2Fmedia&parent=21023"}],"wp:term":[{"taxonomy":"category","embeddable":true,"href":"https:\/\/l21.mx\/index.php?rest_route=%2Fwp%2Fv2%2Fcategories&post=21023"},{"taxonomy":"post_tag","embeddable":true,"href":"https:\/\/l21.mx\/index.php?rest_route=%2Fwp%2Fv2%2Ftags&post=21023"}],"curies":[{"name":"wp","href":"https:\/\/api.w.org\/{rel}","templated":true}]}}