{"id":21089,"date":"2016-09-07T09:09:32","date_gmt":"2016-09-07T14:09:32","guid":{"rendered":"http:\/\/innovatori.space\/lat21\/?p=21089"},"modified":"2016-09-07T11:49:02","modified_gmt":"2016-09-07T16:49:02","slug":"auditorio-corporativo-rh","status":"publish","type":"post","link":"https:\/\/l21.mx\/?p=21089","title":{"rendered":"\u2191\u2191 Auditorio Corporativo RH"},"content":{"rendered":"<p><a href=\"http:\/\/l21.mx\/wp-content\/uploads\/2016\/09\/Auditorio-Corporativo-RH.jpg\" data-rel=\"penci-gallery-image-content\" ><img fetchpriority=\"high\" decoding=\"async\" class=\"alignleft size-full wp-image-21092\" title=\"Auditorio-Corporativo-RH\" src=\"http:\/\/l21.mx\/wp-content\/uploads\/2016\/09\/Auditorio-Corporativo-RH.jpg\" alt=\"\" width=\"800\" height=\"492\" srcset=\"https:\/\/l21.mx\/wp-content\/uploads\/2016\/09\/Auditorio-Corporativo-RH.jpg 800w, https:\/\/l21.mx\/wp-content\/uploads\/2016\/09\/Auditorio-Corporativo-RH-300x185.jpg 300w, https:\/\/l21.mx\/wp-content\/uploads\/2016\/09\/Auditorio-Corporativo-RH-768x472.jpg 768w, https:\/\/l21.mx\/wp-content\/uploads\/2016\/09\/Auditorio-Corporativo-RH-585x360.jpg 585w\" sizes=\"(max-width: 800px) 100vw, 800px\" \/><\/a><\/p>\n<p>La empresa Corporativo RH instala el primer auditorio \u00fanico en su g\u00e9nero en el Caribe mexicano, con una inversi\u00f3n de seis millones de pesos. Este auditorio tiene capacidad para 90 personas c\u00f3modamente sentadas en sillas aerodin\u00e1micas, instaladas bajo una estructura de niveles, en forma de herradura, con pantallas de doble proyecci\u00f3n, pizarr\u00f3n, sal\u00f3n VIP. Plaza Pen\u00ednsula, primer nivel, locales 22 al 26. Av. Bonampak, Canc\u00fan centro. Tel. 9983 10-44-22. www.corporativo-rh.com<\/p>\n<div><\/div>\n","protected":false},"excerpt":{"rendered":"<p>La empresa Corporativo RH instala el primer auditorio \u00fanico en su g\u00e9nero en el Caribe mexicano,&hellip;<\/p>\n","protected":false},"author":2,"featured_media":21092,"comment_status":"open","ping_status":"open","sticky":false,"template":"","format":"standard","meta":{"_acf_changed":false,"_lmt_disableupdate":"","_lmt_disable":"","_mbp_gutenberg_autopost":false,"footnotes":""},"categories":[23,10],"tags":[],"class_list":["post-21089","post","type-post","status-publish","format-standard","has-post-thumbnail","hentry","category-noticias","category-sube-y-baja"],"acf":[],"_links":{"self":[{"href":"https:\/\/l21.mx\/index.php?rest_route=\/wp\/v2\/posts\/21089","targetHints":{"allow":["GET"]}}],"collection":[{"href":"https:\/\/l21.mx\/index.php?rest_route=\/wp\/v2\/posts"}],"about":[{"href":"https:\/\/l21.mx\/index.php?rest_route=\/wp\/v2\/types\/post"}],"author":[{"embeddable":true,"href":"https:\/\/l21.mx\/index.php?rest_route=\/wp\/v2\/users\/2"}],"replies":[{"embeddable":true,"href":"https:\/\/l21.mx\/index.php?rest_route=%2Fwp%2Fv2%2Fcomments&post=21089"}],"version-history":[{"count":0,"href":"https:\/\/l21.mx\/index.php?rest_route=\/wp\/v2\/posts\/21089\/revisions"}],"wp:featuredmedia":[{"embeddable":true,"href":"https:\/\/l21.mx\/index.php?rest_route=\/wp\/v2\/media\/21092"}],"wp:attachment":[{"href":"https:\/\/l21.mx\/index.php?rest_route=%2Fwp%2Fv2%2Fmedia&parent=21089"}],"wp:term":[{"taxonomy":"category","embeddable":true,"href":"https:\/\/l21.mx\/index.php?rest_route=%2Fwp%2Fv2%2Fcategories&post=21089"},{"taxonomy":"post_tag","embeddable":true,"href":"https:\/\/l21.mx\/index.php?rest_route=%2Fwp%2Fv2%2Ftags&post=21089"}],"curies":[{"name":"wp","href":"https:\/\/api.w.org\/{rel}","templated":true}]}}