{"id":21121,"date":"2016-09-07T11:39:01","date_gmt":"2016-09-07T16:39:01","guid":{"rendered":"http:\/\/innovatori.space\/lat21\/?p=21121"},"modified":"2016-09-07T11:47:20","modified_gmt":"2016-09-07T16:47:20","slug":"arre-lulu","status":"publish","type":"post","link":"https:\/\/l21.mx\/?p=21121","title":{"rendered":"\u2191\u2191 Arre Lul\u00fa"},"content":{"rendered":"<p><a href=\"http:\/\/l21.mx\/wp-content\/uploads\/2016\/09\/Arre-Lulu.jpg\" data-rel=\"penci-gallery-image-content\" ><img fetchpriority=\"high\" decoding=\"async\" class=\"alignleft size-full wp-image-21124\" title=\"Arre-Lulu\" src=\"http:\/\/l21.mx\/wp-content\/uploads\/2016\/09\/Arre-Lulu.jpg\" alt=\"\" width=\"800\" height=\"532\" srcset=\"https:\/\/l21.mx\/wp-content\/uploads\/2016\/09\/Arre-Lulu.jpg 800w, https:\/\/l21.mx\/wp-content\/uploads\/2016\/09\/Arre-Lulu-300x200.jpg 300w, https:\/\/l21.mx\/wp-content\/uploads\/2016\/09\/Arre-Lulu-768x511.jpg 768w, https:\/\/l21.mx\/wp-content\/uploads\/2016\/09\/Arre-Lulu-585x389.jpg 585w, https:\/\/l21.mx\/wp-content\/uploads\/2016\/09\/Arre-Lulu-263x175.jpg 263w\" sizes=\"(max-width: 800px) 100vw, 800px\" \/><\/a><\/p>\n<p>Emulando las cantinas norte\u00f1as ingresa a la plaza del Caribe mexicano Arre Lul\u00fa, a cuya instalaci\u00f3n se destinaron tres millones de pesos. Cuenta con servicio de cocina a la carta y botanera, y con m\u00fasica en vivo (mariachi, banda sinaloense, karaoke). Con capacidad para 180 personas y con una superficie de 350 m2. Gener\u00f3 30 empleos directos y 90 indirectos. Av. Las Torres, Mza. 53 lote 3, SM 510. Tels. 252-66-94\/252-66-95. nosgustalafiesta@hotmail.com. Facebook: Arre Lul\u00fa.<\/p>\n<div><\/div>\n","protected":false},"excerpt":{"rendered":"<p>Emulando las cantinas norte\u00f1as ingresa a la plaza del Caribe mexicano Arre Lul\u00fa, a cuya instalaci\u00f3n&hellip;<\/p>\n","protected":false},"author":2,"featured_media":21124,"comment_status":"open","ping_status":"open","sticky":false,"template":"","format":"standard","meta":{"_acf_changed":false,"_lmt_disableupdate":"","_lmt_disable":"","_mbp_gutenberg_autopost":false,"footnotes":""},"categories":[23,10],"tags":[],"class_list":["post-21121","post","type-post","status-publish","format-standard","has-post-thumbnail","hentry","category-noticias","category-sube-y-baja"],"acf":[],"_links":{"self":[{"href":"https:\/\/l21.mx\/index.php?rest_route=\/wp\/v2\/posts\/21121","targetHints":{"allow":["GET"]}}],"collection":[{"href":"https:\/\/l21.mx\/index.php?rest_route=\/wp\/v2\/posts"}],"about":[{"href":"https:\/\/l21.mx\/index.php?rest_route=\/wp\/v2\/types\/post"}],"author":[{"embeddable":true,"href":"https:\/\/l21.mx\/index.php?rest_route=\/wp\/v2\/users\/2"}],"replies":[{"embeddable":true,"href":"https:\/\/l21.mx\/index.php?rest_route=%2Fwp%2Fv2%2Fcomments&post=21121"}],"version-history":[{"count":0,"href":"https:\/\/l21.mx\/index.php?rest_route=\/wp\/v2\/posts\/21121\/revisions"}],"wp:featuredmedia":[{"embeddable":true,"href":"https:\/\/l21.mx\/index.php?rest_route=\/wp\/v2\/media\/21124"}],"wp:attachment":[{"href":"https:\/\/l21.mx\/index.php?rest_route=%2Fwp%2Fv2%2Fmedia&parent=21121"}],"wp:term":[{"taxonomy":"category","embeddable":true,"href":"https:\/\/l21.mx\/index.php?rest_route=%2Fwp%2Fv2%2Fcategories&post=21121"},{"taxonomy":"post_tag","embeddable":true,"href":"https:\/\/l21.mx\/index.php?rest_route=%2Fwp%2Fv2%2Ftags&post=21121"}],"curies":[{"name":"wp","href":"https:\/\/api.w.org\/{rel}","templated":true}]}}