{"id":21330,"date":"2016-10-03T17:05:26","date_gmt":"2016-10-03T22:05:26","guid":{"rendered":"http:\/\/innovatori.space\/lat21\/?p=21330"},"modified":"2016-10-03T17:05:26","modified_gmt":"2016-10-03T22:05:26","slug":"%e2%86%91-%e2%86%91-purpura-arte-contemporaneo","status":"publish","type":"post","link":"https:\/\/l21.mx\/?p=21330","title":{"rendered":"\u2191 \u2191 P\u00farpura Arte Contempor\u00e1neo"},"content":{"rendered":"<p><a href=\"http:\/\/l21.mx\/wp-content\/uploads\/2016\/10\/Purpura-Arte-Contemporaneo.jpg\" data-rel=\"penci-gallery-image-content\" ><img fetchpriority=\"high\" decoding=\"async\" class=\"aligncenter size-medium wp-image-21332\" title=\"Purpura-Arte-Contemporaneo\" src=\"http:\/\/l21.mx\/wp-content\/uploads\/2016\/10\/Purpura-Arte-Contemporaneo-300x199.jpg\" alt=\"\" width=\"300\" height=\"199\" \/><\/a><\/p>\n<p>Empresarios mexicanos abren esta galer\u00eda orientada a los m\u00e1s peque\u00f1os de la casa para crear un v\u00ednculo emocional entre los ni\u00f1os y las artes, adem\u00e1s de contar con exposiciones de diversos artistas, talleres, clases y cursos de artes pl\u00e1sticas, m\u00fasica y baile. Superficie, 155 m2. Gener\u00f3 10 empleos directos y 20 indirectos. Plaza Nichupt\u00e9 25. Av. Nichupt\u00e9, SM 16, Mza. 5. Tel: 293-26-75. Contacto: Dalia Barrios. dcbarrios@live.com. Facebook: P\u00farpura galer\u00eda para ni\u00f1os.<\/p>\n<div><\/div>\n","protected":false},"excerpt":{"rendered":"<p>Empresarios mexicanos abren esta galer\u00eda orientada a los m\u00e1s peque\u00f1os de la casa para crear un&hellip;<\/p>\n","protected":false},"author":2,"featured_media":21332,"comment_status":"open","ping_status":"open","sticky":false,"template":"","format":"standard","meta":{"_acf_changed":false,"_lmt_disableupdate":"","_lmt_disable":"","_mbp_gutenberg_autopost":false,"footnotes":""},"categories":[10],"tags":[],"class_list":["post-21330","post","type-post","status-publish","format-standard","has-post-thumbnail","hentry","category-sube-y-baja"],"acf":[],"_links":{"self":[{"href":"https:\/\/l21.mx\/index.php?rest_route=\/wp\/v2\/posts\/21330","targetHints":{"allow":["GET"]}}],"collection":[{"href":"https:\/\/l21.mx\/index.php?rest_route=\/wp\/v2\/posts"}],"about":[{"href":"https:\/\/l21.mx\/index.php?rest_route=\/wp\/v2\/types\/post"}],"author":[{"embeddable":true,"href":"https:\/\/l21.mx\/index.php?rest_route=\/wp\/v2\/users\/2"}],"replies":[{"embeddable":true,"href":"https:\/\/l21.mx\/index.php?rest_route=%2Fwp%2Fv2%2Fcomments&post=21330"}],"version-history":[{"count":0,"href":"https:\/\/l21.mx\/index.php?rest_route=\/wp\/v2\/posts\/21330\/revisions"}],"wp:featuredmedia":[{"embeddable":true,"href":"https:\/\/l21.mx\/index.php?rest_route=\/wp\/v2\/media\/21332"}],"wp:attachment":[{"href":"https:\/\/l21.mx\/index.php?rest_route=%2Fwp%2Fv2%2Fmedia&parent=21330"}],"wp:term":[{"taxonomy":"category","embeddable":true,"href":"https:\/\/l21.mx\/index.php?rest_route=%2Fwp%2Fv2%2Fcategories&post=21330"},{"taxonomy":"post_tag","embeddable":true,"href":"https:\/\/l21.mx\/index.php?rest_route=%2Fwp%2Fv2%2Ftags&post=21330"}],"curies":[{"name":"wp","href":"https:\/\/api.w.org\/{rel}","templated":true}]}}