{"id":21380,"date":"2016-10-03T18:11:52","date_gmt":"2016-10-03T23:11:52","guid":{"rendered":"http:\/\/innovatori.space\/lat21\/?p=21380"},"modified":"2016-10-03T18:13:27","modified_gmt":"2016-10-03T23:13:27","slug":"21380","status":"publish","type":"post","link":"https:\/\/l21.mx\/?p=21380","title":{"rendered":"Nombramientos Septiembre 2016"},"content":{"rendered":"<p style=\"text-align: center;\"><a href=\"http:\/\/l21.mx\/wp-content\/uploads\/2016\/10\/nombramientos-octubre-2016.jpg\" data-rel=\"penci-gallery-image-content\" ><img fetchpriority=\"high\" decoding=\"async\" class=\"aligncenter size-large wp-image-21391\" title=\"nombramientos-octubre-2016\" src=\"http:\/\/l21.mx\/wp-content\/uploads\/2016\/10\/nombramientos-octubre-2016-671x1024.jpg\" alt=\"\" width=\"671\" height=\"1024\" srcset=\"https:\/\/l21.mx\/wp-content\/uploads\/2016\/10\/nombramientos-octubre-2016-671x1024.jpg 671w, https:\/\/l21.mx\/wp-content\/uploads\/2016\/10\/nombramientos-octubre-2016-197x300.jpg 197w, https:\/\/l21.mx\/wp-content\/uploads\/2016\/10\/nombramientos-octubre-2016-768x1172.jpg 768w, https:\/\/l21.mx\/wp-content\/uploads\/2016\/10\/nombramientos-octubre-2016-1007x1536.jpg 1007w, https:\/\/l21.mx\/wp-content\/uploads\/2016\/10\/nombramientos-octubre-2016-1170x1785.jpg 1170w, https:\/\/l21.mx\/wp-content\/uploads\/2016\/10\/nombramientos-octubre-2016-585x893.jpg 585w, https:\/\/l21.mx\/wp-content\/uploads\/2016\/10\/nombramientos-octubre-2016.jpg 1200w\" sizes=\"(max-width: 671px) 100vw, 671px\" \/><\/a><\/p>\n<p style=\"text-align: center;\"><strong>GOBIERNO<\/strong><\/p>\n<p><span style=\"color: #993300;\"><strong><a href=\"http:\/\/l21.mx\/wp-content\/uploads\/2016\/10\/Carlos-Joaqu\u00edn.jpg\" data-rel=\"penci-gallery-image-content\" ><img decoding=\"async\" class=\"alignleft  wp-image-21381\" title=\"Carlos-Joaqu\u00edn\" src=\"http:\/\/l21.mx\/wp-content\/uploads\/2016\/10\/Carlos-Joaqu\u00edn-206x300.jpg\" alt=\"\" width=\"144\" height=\"210\" \/><\/a>Carlos Joaqu\u00edn Gonz\u00e1lez\u00a0<\/strong><\/span><\/p>\n<ul>\n<li>asume la gubernatura del estado de Quintana Roo en sustituci\u00f3n de Roberto Borge Angulo.<\/li>\n<li>Lugar de origen: Cozumel, Quintana Roo.<\/li>\n<li>Estudios: Contadur\u00eda P\u00fablica, Universidad Aut\u00f3noma de Yucat\u00e1n.<\/li>\n<li>Desarrollo profesional: Aerov\u00edas Caribe, AeroCozumel, Portatel del Sureste, Ayuntamiento de Solidaridad, Asociaci\u00f3n de Municipios Costeros de M\u00e9xico, Sedetur, C\u00e1mara de Diputados, Equipo de Transici\u00f3n del presidente Enrique Pe\u00f1a Nieto, Sectur.<\/li>\n<\/ul>\n<p style=\"text-align: center;\"><strong>GOBIERNO<\/strong><\/p>\n<p><span style=\"color: #993300;\"><strong><a href=\"http:\/\/l21.mx\/wp-content\/uploads\/2016\/10\/Remberto-Estrada-.jpg\" data-rel=\"penci-gallery-image-content\" ><img decoding=\"async\" class=\"alignleft  wp-image-21382\" title=\"Remberto-Estrada-\" src=\"http:\/\/l21.mx\/wp-content\/uploads\/2016\/10\/Remberto-Estrada--208x300.jpg\" alt=\"\" width=\"146\" height=\"210\" srcset=\"https:\/\/l21.mx\/wp-content\/uploads\/2016\/10\/Remberto-Estrada--208x300.jpg 208w, https:\/\/l21.mx\/wp-content\/uploads\/2016\/10\/Remberto-Estrada-.jpg 355w\" sizes=\"(max-width: 146px) 100vw, 146px\" \/><\/a>Remberto Estrada\u00a0<\/strong><\/span><\/p>\n<ul>\n<li>es el presidente municipal del municipio Benito Ju\u00e1rez en sustituci\u00f3n de Paul Carrillo.<\/li>\n<li>Lugar de origen: Guadalajara, Jalisco.<\/li>\n<li>Arribo a Canc\u00fan: 1999<\/li>\n<li>Estudios: Lic. en Finanzas y Contadur\u00eda P\u00fablica, Universidad An\u00e1huac Canc\u00fan.<\/li>\n<li>Desarrollo profesional: Tenamaxtlenses, Regidor Partido Verde Ecologista, diputado local Partido Verde Ecologista, diputado federal Partido Verde Ecologista.<\/li>\n<\/ul>\n<p style=\"text-align: center;\"><strong>GOBIERNO<\/strong><\/p>\n<p><span style=\"color: #993300;\"><strong><a href=\"http:\/\/l21.mx\/wp-content\/uploads\/2016\/10\/Laura-Fernandez-.jpg\" data-rel=\"penci-gallery-image-content\" ><img loading=\"lazy\" decoding=\"async\" class=\"alignleft  wp-image-21383\" title=\"Laura-Fernandez-\" src=\"http:\/\/l21.mx\/wp-content\/uploads\/2016\/10\/Laura-Fernandez--203x300.jpg\" alt=\"\" width=\"142\" height=\"210\" \/><\/a>Laura Fern\u00e1ndez\u00a0<\/strong><\/span><\/p>\n<ul>\n<li>ocupa la presidencia municipal de Puerto Morelos en sustituci\u00f3n de Leonel Medina Mendoza.<\/li>\n<li>Lugar de origen: Guadalajara, Jalisco.<\/li>\n<li>Arribo a Canc\u00fan: 1996<\/li>\n<li>Estudios: Mercadotecnia, Universidad del Valle de Atemajac.<\/li>\n<li>Desarrollo profesional: Ayuntamiento de Benito Ju\u00e1rez, PRI, Sedetur.<\/li>\n<\/ul>\n<p style=\"text-align: center;\"><strong>GOBIERNO<\/strong><\/p>\n<p><span style=\"color: #993300;\"><strong><a href=\"http:\/\/l21.mx\/wp-content\/uploads\/2016\/10\/Cristina-Torres.jpg\" data-rel=\"penci-gallery-image-content\" ><img loading=\"lazy\" decoding=\"async\" class=\"alignleft  wp-image-21384\" title=\"Cristina-Torres\" src=\"http:\/\/l21.mx\/wp-content\/uploads\/2016\/10\/Cristina-Torres-205x300.jpg\" alt=\"\" width=\"144\" height=\"210\" srcset=\"https:\/\/l21.mx\/wp-content\/uploads\/2016\/10\/Cristina-Torres-205x300.jpg 205w, https:\/\/l21.mx\/wp-content\/uploads\/2016\/10\/Cristina-Torres.jpg 354w\" sizes=\"(max-width: 144px) 100vw, 144px\" \/><\/a>Cristina Torres\u00a0<\/strong><\/span><\/p>\n<ul>\n<li>es la presidenta del municipio de Solidaridad en sustituci\u00f3n de Mauricio G\u00f3ngora.<\/li>\n<li>Lugar de origen: Veracruz, Veracruz.<\/li>\n<li>Estudios: Lic. en Derecho, Universidad de Chetumal.<\/li>\n<li>Desarrollo profesional: PRI, Ayuntamiento de Solidaridad, Notar\u00eda P\u00fablica 60, PAN-PRD.<\/li>\n<\/ul>\n<p style=\"text-align: center;\"><strong>GOBIERNO<\/strong><\/p>\n<p><span style=\"color: #993300;\"><strong><a href=\"http:\/\/l21.mx\/wp-content\/uploads\/2016\/10\/perla-celia-tun.jpg\" data-rel=\"penci-gallery-image-content\" ><img loading=\"lazy\" decoding=\"async\" class=\"alignleft  wp-image-21385\" title=\"perla-celia-tun\" src=\"http:\/\/l21.mx\/wp-content\/uploads\/2016\/10\/perla-celia-tun-198x300.jpg\" alt=\"\" width=\"139\" height=\"210\" srcset=\"https:\/\/l21.mx\/wp-content\/uploads\/2016\/10\/perla-celia-tun-198x300.jpg 198w, https:\/\/l21.mx\/wp-content\/uploads\/2016\/10\/perla-celia-tun.jpg 344w\" sizes=\"(max-width: 139px) 100vw, 139px\" \/><\/a>Perla Celia Tun\u00a0<\/strong><\/span><\/p>\n<ul>\n<li>es la presidenta del municipio de Cozumel en sustituci\u00f3n de Fredy Marrufo Mart\u00edn.<\/li>\n<li>Lugar de origen: Cozumel.<\/li>\n<li>Desarrollo profesional: Canirac Cozumel, PAN, diputada local, Ayuntamiento de Cozumel.<\/li>\n<\/ul>\n<p style=\"text-align: center;\"><strong>GOBIERNO<\/strong><\/p>\n<p><span style=\"color: #993300;\"><strong><a href=\"http:\/\/l21.mx\/wp-content\/uploads\/2016\/10\/juan-carrillo.jpg\" data-rel=\"penci-gallery-image-content\" ><img loading=\"lazy\" decoding=\"async\" class=\"alignleft  wp-image-21386 alignnone\" title=\"juan-carrillo\" src=\"http:\/\/l21.mx\/wp-content\/uploads\/2016\/10\/juan-carrillo-198x300.jpg\" alt=\"\" width=\"139\" height=\"210\" srcset=\"https:\/\/l21.mx\/wp-content\/uploads\/2016\/10\/juan-carrillo-198x300.jpg 198w, https:\/\/l21.mx\/wp-content\/uploads\/2016\/10\/juan-carrillo.jpg 348w\" sizes=\"(max-width: 139px) 100vw, 139px\" \/><\/a>Juan Carrillo\u00a0<\/strong><\/span><\/p>\n<ul>\n<li>es el presidente de Isla Mujeres en sustituci\u00f3n de Agapito Maga\u00f1a.<\/li>\n<li>Lugar de origen: Canc\u00fan, Quintana Roo.<\/li>\n<li>Estudios: Lic. en Derecho, Universidad An\u00e1huac Canc\u00fan.<\/li>\n<li>Desarrollo profesional: Diputado PRI-Verde Ecologista-PANAL<\/li>\n<\/ul>\n<p style=\"text-align: center;\"><strong>GOBIERNO<\/strong><\/p>\n<p><span style=\"color: #993300;\"><strong><a href=\"http:\/\/l21.mx\/wp-content\/uploads\/2016\/10\/luis-alfonso-torres.jpg\" data-rel=\"penci-gallery-image-content\" ><img loading=\"lazy\" decoding=\"async\" class=\"alignleft  wp-image-21387\" title=\"luis-alfonso-torres\" src=\"http:\/\/l21.mx\/wp-content\/uploads\/2016\/10\/luis-alfonso-torres-200x300.jpg\" alt=\"\" width=\"140\" height=\"210\" \/><\/a>Luis Alfon<\/strong><\/span><strong>so\u00a0<\/strong><strong>Torres\u00a0<\/strong><\/p>\n<ul>\n<li>ocupa la presidencia municipal de Oth\u00f3n P. Blanco en sustituci\u00f3n de Eduardo El\u00edas Espinosa Abuxapqui.<\/li>\n<li>Lugar de origen: Chetumal, Q. Roo.<\/li>\n<li>Estudios: Ingeniero Agr\u00f3nomo, Instituto Tecnol\u00f3gico Agropecuario No. 16.<\/li>\n<li>Desarrollo profesional: PRI, Ayuntamiento Oth\u00f3n P. Blanco, Secretar\u00eda de Desarrollo Agropecuario y Rural (Sedaru), Zool\u00f3gico Payo Obispo.<\/li>\n<\/ul>\n<p style=\"text-align: center;\"><strong>HOTELES<\/strong><\/p>\n<p><span style=\"color: #993300;\"><strong><a href=\"http:\/\/l21.mx\/wp-content\/uploads\/2016\/10\/jaime-jaramillo.jpg\" data-rel=\"penci-gallery-image-content\" ><img loading=\"lazy\" decoding=\"async\" class=\"alignleft  wp-image-21388\" title=\"jaime-jaramillo\" src=\"http:\/\/l21.mx\/wp-content\/uploads\/2016\/10\/jaime-jaramillo-207x300.jpg\" alt=\"\" width=\"145\" height=\"210\" \/><\/a>Jaime Jaramillo\u00a0<\/strong><\/span><\/p>\n<ul>\n<li>es nombrado director general de Nizuc Resort &amp; Spa en sustituci\u00f3n de Louis Daniel.<\/li>\n<li>Lugar de origen: Cali, Colombia.<\/li>\n<li>Arribo a Canc\u00fan: 2016<\/li>\n<li>Estudios: Licenciatura en Contabilidad y Finanzas, Universidad de Boston, Massachusetts.<\/li>\n<li>Desarrollo profesional: Quinta Real Hotels &amp; Resorts, Four Seasons, Hadas Golf Resort &amp; Marina, Grupo Brisas, Hoteles Sonesta.<\/li>\n<\/ul>\n<p>&nbsp;<\/p>\n<p>&nbsp;<\/p>\n<p>&nbsp;<\/p>\n<p>&nbsp;<\/p>\n","protected":false},"excerpt":{"rendered":"<p>GOBIERNO Carlos Joaqu\u00edn Gonz\u00e1lez\u00a0 asume la gubernatura del estado de Quintana Roo en sustituci\u00f3n de Roberto&hellip;<\/p>\n","protected":false},"author":2,"featured_media":21391,"comment_status":"open","ping_status":"open","sticky":false,"template":"","format":"standard","meta":{"_acf_changed":false,"_lmt_disableupdate":"","_lmt_disable":"","_mbp_gutenberg_autopost":false,"footnotes":""},"categories":[9,23],"tags":[],"class_list":["post-21380","post","type-post","status-publish","format-standard","has-post-thumbnail","hentry","category-nombramientos","category-noticias"],"acf":[],"_links":{"self":[{"href":"https:\/\/l21.mx\/index.php?rest_route=\/wp\/v2\/posts\/21380","targetHints":{"allow":["GET"]}}],"collection":[{"href":"https:\/\/l21.mx\/index.php?rest_route=\/wp\/v2\/posts"}],"about":[{"href":"https:\/\/l21.mx\/index.php?rest_route=\/wp\/v2\/types\/post"}],"author":[{"embeddable":true,"href":"https:\/\/l21.mx\/index.php?rest_route=\/wp\/v2\/users\/2"}],"replies":[{"embeddable":true,"href":"https:\/\/l21.mx\/index.php?rest_route=%2Fwp%2Fv2%2Fcomments&post=21380"}],"version-history":[{"count":0,"href":"https:\/\/l21.mx\/index.php?rest_route=\/wp\/v2\/posts\/21380\/revisions"}],"wp:featuredmedia":[{"embeddable":true,"href":"https:\/\/l21.mx\/index.php?rest_route=\/wp\/v2\/media\/21391"}],"wp:attachment":[{"href":"https:\/\/l21.mx\/index.php?rest_route=%2Fwp%2Fv2%2Fmedia&parent=21380"}],"wp:term":[{"taxonomy":"category","embeddable":true,"href":"https:\/\/l21.mx\/index.php?rest_route=%2Fwp%2Fv2%2Fcategories&post=21380"},{"taxonomy":"post_tag","embeddable":true,"href":"https:\/\/l21.mx\/index.php?rest_route=%2Fwp%2Fv2%2Ftags&post=21380"}],"curies":[{"name":"wp","href":"https:\/\/api.w.org\/{rel}","templated":true}]}}