{"id":21472,"date":"2016-10-07T11:43:58","date_gmt":"2016-10-07T16:43:58","guid":{"rendered":"http:\/\/innovatori.space\/lat21\/?p=21472"},"modified":"2016-10-07T11:43:58","modified_gmt":"2016-10-07T16:43:58","slug":"gastronomia-yucateca-en-vallarta-nayarit","status":"publish","type":"post","link":"https:\/\/l21.mx\/?p=21472","title":{"rendered":"Gastronom\u00eda yucateca en Vallarta-Nayarit"},"content":{"rendered":"<p><em><a href=\"http:\/\/l21.mx\/wp-content\/uploads\/2016\/10\/Gastronom\u00eda-yucateca-en-Vallarta-Nayarit.jpg\" data-rel=\"penci-gallery-image-content\" ><img fetchpriority=\"high\" decoding=\"async\" class=\"alignleft size-medium wp-image-21475\" title=\"Gastronom\u00eda-yucateca-en-Vallarta-Nayarit\" src=\"http:\/\/l21.mx\/wp-content\/uploads\/2016\/10\/Gastronom\u00eda-yucateca-en-Vallarta-Nayarit-185x300.jpg\" alt=\"\" width=\"185\" height=\"300\" srcset=\"https:\/\/l21.mx\/wp-content\/uploads\/2016\/10\/Gastronom\u00eda-yucateca-en-Vallarta-Nayarit-185x300.jpg 185w, https:\/\/l21.mx\/wp-content\/uploads\/2016\/10\/Gastronom\u00eda-yucateca-en-Vallarta-Nayarit.jpg 300w\" sizes=\"(max-width: 185px) 100vw, 185px\" \/><\/a>\u00a1Naats\u2019!<\/em><\/p>\n<p>Por su reconocimiento en M\u00e9xico y en el mundo, la gastronom\u00eda del estado de Yucat\u00e1n estar\u00e1 presente en el Festival Vallarta-Nayarit Gastron\u00f3mica a trav\u00e9s de Christian Bravo, uno de los mejores chef de la Rep\u00fablica Mexicana, quien impartir\u00e1 una conferencia sobre el uso del ingrediente yucateco para adaptar la cocina y desarrollar platillos dise\u00f1ando conceptos.<\/p>\n<p>El festival, que se llevar\u00e1 a cabo del 23 al 26 de octubre con la presencia de reconocidos chefs de diferentes partes del mundo, est\u00e1 bajo la organizaci\u00f3n del Grupo E-Consulting y es considerado como uno de los m\u00e1s importantes de M\u00e9xico y Latinoam\u00e9rica por la presencia de cuatro chefs que suman seis estrellas Michelin.<\/p>\n<p>Desde hace algunos a\u00f1os Bravo se estableci\u00f3 en M\u00e9rida, donde actualmente es propietario de un servicio de banquetes gourmet que lleva su nombre, brinda consultor\u00edas y dise\u00f1o de conceptos, adem\u00e1s colabora con diferentes empresas para dar clases de cocina a extranjeros.<\/p>\n<div><\/div>\n","protected":false},"excerpt":{"rendered":"<p>\u00a1Naats\u2019! Por su reconocimiento en M\u00e9xico y en el mundo, la gastronom\u00eda del estado de Yucat\u00e1n&hellip;<\/p>\n","protected":false},"author":2,"featured_media":21475,"comment_status":"open","ping_status":"open","sticky":false,"template":"","format":"standard","meta":{"_acf_changed":false,"_lmt_disableupdate":"","_lmt_disable":"","_mbp_gutenberg_autopost":false,"footnotes":""},"categories":[223,23],"tags":[],"class_list":["post-21472","post","type-post","status-publish","format-standard","has-post-thumbnail","hentry","category-meridiano-87","category-noticias"],"acf":[],"_links":{"self":[{"href":"https:\/\/l21.mx\/index.php?rest_route=\/wp\/v2\/posts\/21472","targetHints":{"allow":["GET"]}}],"collection":[{"href":"https:\/\/l21.mx\/index.php?rest_route=\/wp\/v2\/posts"}],"about":[{"href":"https:\/\/l21.mx\/index.php?rest_route=\/wp\/v2\/types\/post"}],"author":[{"embeddable":true,"href":"https:\/\/l21.mx\/index.php?rest_route=\/wp\/v2\/users\/2"}],"replies":[{"embeddable":true,"href":"https:\/\/l21.mx\/index.php?rest_route=%2Fwp%2Fv2%2Fcomments&post=21472"}],"version-history":[{"count":0,"href":"https:\/\/l21.mx\/index.php?rest_route=\/wp\/v2\/posts\/21472\/revisions"}],"wp:featuredmedia":[{"embeddable":true,"href":"https:\/\/l21.mx\/index.php?rest_route=\/wp\/v2\/media\/21475"}],"wp:attachment":[{"href":"https:\/\/l21.mx\/index.php?rest_route=%2Fwp%2Fv2%2Fmedia&parent=21472"}],"wp:term":[{"taxonomy":"category","embeddable":true,"href":"https:\/\/l21.mx\/index.php?rest_route=%2Fwp%2Fv2%2Fcategories&post=21472"},{"taxonomy":"post_tag","embeddable":true,"href":"https:\/\/l21.mx\/index.php?rest_route=%2Fwp%2Fv2%2Ftags&post=21472"}],"curies":[{"name":"wp","href":"https:\/\/api.w.org\/{rel}","templated":true}]}}