{"id":21526,"date":"2016-10-13T12:12:28","date_gmt":"2016-10-13T17:12:28","guid":{"rendered":"http:\/\/innovatori.space\/lat21\/?p=21526"},"modified":"2016-10-13T12:12:28","modified_gmt":"2016-10-13T17:12:28","slug":"air-france-incrementa-a-4-vuelos-semanales-su-ruta-paris-cancun-paris","status":"publish","type":"post","link":"https:\/\/l21.mx\/?p=21526","title":{"rendered":"Air France incrementa a 4 vuelos semanales su ruta Par\u00eds\u2013Canc\u00fan\u2013Par\u00eds"},"content":{"rendered":"<h2><a href=\"http:\/\/l21.mx\/wp-content\/uploads\/2016\/10\/air-france.jpg\" data-rel=\"penci-gallery-image-content\" ><img fetchpriority=\"high\" decoding=\"async\" class=\"aligncenter size-full wp-image-21529\" title=\"air-france\" src=\"http:\/\/l21.mx\/wp-content\/uploads\/2016\/10\/air-france.jpg\" alt=\"\" width=\"600\" height=\"300\" srcset=\"https:\/\/l21.mx\/wp-content\/uploads\/2016\/10\/air-france.jpg 600w, https:\/\/l21.mx\/wp-content\/uploads\/2016\/10\/air-france-300x150.jpg 300w, https:\/\/l21.mx\/wp-content\/uploads\/2016\/10\/air-france-585x293.jpg 585w\" sizes=\"(max-width: 600px) 100vw, 600px\" \/><\/a>Para cumplir con la fuerte demanda, Air France volar\u00e1 a Canc\u00fan todo el a\u00f1o del 2017 desde el aeropuerto de Par\u00eds-Charles de Gaulle, incrementando sus frecuencias de 3 a 4 semanales durante la\u00a0temporada\u00a0de invierno 2016-17, operado por un Boeing 777-300 (296 asientos) y 3 frecuencias semanales durante la temporada de verano 2017, operada por un Boeing 777-200 (312 asientos).<\/h2>\n<p>\u201cCon la apertura de estos servicios con el A380 en la ruta de Par\u00eds-Ciudad de M\u00e9xico en enero 2016, Air France ha sido la primera aerol\u00ednea en\u00a0viajar\u00a0al Centroam\u00e9rica y Sudam\u00e9rica con un avi\u00f3n s\u00faper jumbo\u201d, agreg\u00f3 Patrick Alexandre, EVP Comercial, de Ventas y Alianzas en Air France-KLM.<\/p>\n<p>Asimismo, dijo que con el anuncio sobre la ampliaci\u00f3n de vuelos de Par\u00eds a Canc\u00fan, que anteriormente \u00fanicamente se hab\u00edan producido durante la temporada de invierno, el Grupo Air France-KLM confirma su estrategia crecimiento en el mercado mexicano.<\/p>\n<p>Asever\u00f3 que estos vuelos directos que se tienen actualmente a Canc\u00fan, ofrecen a pasajeros franceses y europeos el acceso directo a la gran Riviera Maya, una de las regiones m\u00e1s\u00a0populares\u00a0y tur\u00edsticas de M\u00e9xico.<\/p>\n<p>En cuanto a los itinerarios de vuelo para la temporada de invierno 2016-17, coment\u00f3 que saliendo de Par\u00eds desde del aeropuerto Par\u00eds-Charles de Gaulle a las 12:15 horas, aterrizando en Canc\u00fan a las 16:05 horas;<\/p>\n<p>Asimismo, coment\u00f3 que saliendo desde Canc\u00fan a las 18:20 horas, aterrizando en Paris-Charles de Gaulle a las 11:00 horas.<\/p>\n<p>De igual forma, explic\u00f3 que los vuelos se operan todos los Mi\u00e9rcoles, Viernes, S\u00e1bados y Domingos.<\/p>\n<p>Adem\u00e1s, Patrick Alexandre dijo que se busca \u201cdescubrir Canc\u00fan\u201d como la puerta de entrada a Yucat\u00e1n a trav\u00e9s de \u201cTravel by Air France\u201d<\/p>\n<p>En ese sentido, coment\u00f3 que con este servicio, Air France ofrece a sus clientes m\u00e1s curiosos, demandantes y apasionados, un blog de viaje:\u00a0<a href=\"http:\/\/travelby.airfrance.com\/\" rel=\"nofollow noopener\" target=\"_blank\" data-saferedirecturl=\"https:\/\/www.google.com\/url?hl=es&amp;q=http:\/\/travelby.airfrance.com&amp;source=gmail&amp;ust=1474975643376000&amp;usg=AFQjCNEc0Agy8tfTEsluGBlCogf9doljIA\">travelby.airfrance.com<\/a>.<\/p>\n<p>Precis\u00f3 que con dos ciudades\u00a0nuevas\u00a0a\u00f1adidas cada mes, Canc\u00fan se volvi\u00f3 uno de los 104 destinos disponibles y que en ese sentido, los clientes de Air France pueden explorar una amplia selecci\u00f3n de restaurantes locales, hoteles boutiques y spots muy especiales, descritos por gente que ama su ciudad tal como bloggers, influencers, periodistas, etc.<\/p>\n<p>\u201cAir France ha dise\u00f1ado esta gu\u00eda no solo como una inspiraci\u00f3n para ayudar a sus clientes para escoger un destino, pero tambi\u00e9n para que tengan una gu\u00eda real durante su estad\u00eda\u201d, concluy\u00f3.<\/p>\n","protected":false},"excerpt":{"rendered":"<p>Para cumplir con la fuerte demanda, Air France volar\u00e1 a Canc\u00fan todo el a\u00f1o del 2017&hellip;<\/p>\n","protected":false},"author":2,"featured_media":21529,"comment_status":"open","ping_status":"open","sticky":false,"template":"","format":"standard","meta":{"_acf_changed":false,"_lmt_disableupdate":"","_lmt_disable":"","_mbp_gutenberg_autopost":false,"footnotes":""},"categories":[23,8],"tags":[],"class_list":["post-21526","post","type-post","status-publish","format-standard","has-post-thumbnail","hentry","category-noticias","category-turismo"],"acf":[],"_links":{"self":[{"href":"https:\/\/l21.mx\/index.php?rest_route=\/wp\/v2\/posts\/21526","targetHints":{"allow":["GET"]}}],"collection":[{"href":"https:\/\/l21.mx\/index.php?rest_route=\/wp\/v2\/posts"}],"about":[{"href":"https:\/\/l21.mx\/index.php?rest_route=\/wp\/v2\/types\/post"}],"author":[{"embeddable":true,"href":"https:\/\/l21.mx\/index.php?rest_route=\/wp\/v2\/users\/2"}],"replies":[{"embeddable":true,"href":"https:\/\/l21.mx\/index.php?rest_route=%2Fwp%2Fv2%2Fcomments&post=21526"}],"version-history":[{"count":0,"href":"https:\/\/l21.mx\/index.php?rest_route=\/wp\/v2\/posts\/21526\/revisions"}],"wp:featuredmedia":[{"embeddable":true,"href":"https:\/\/l21.mx\/index.php?rest_route=\/wp\/v2\/media\/21529"}],"wp:attachment":[{"href":"https:\/\/l21.mx\/index.php?rest_route=%2Fwp%2Fv2%2Fmedia&parent=21526"}],"wp:term":[{"taxonomy":"category","embeddable":true,"href":"https:\/\/l21.mx\/index.php?rest_route=%2Fwp%2Fv2%2Fcategories&post=21526"},{"taxonomy":"post_tag","embeddable":true,"href":"https:\/\/l21.mx\/index.php?rest_route=%2Fwp%2Fv2%2Ftags&post=21526"}],"curies":[{"name":"wp","href":"https:\/\/api.w.org\/{rel}","templated":true}]}}