{"id":2153,"date":"2013-04-02T12:43:56","date_gmt":"2013-04-02T18:43:56","guid":{"rendered":"http:\/\/innovatori.space\/lat21\/?p=2153"},"modified":"2013-08-01T10:47:43","modified_gmt":"2013-08-01T15:47:43","slug":"no-solo-de-pan-vive-el-hombre","status":"publish","type":"post","link":"https:\/\/l21.mx\/?p=2153","title":{"rendered":"No s\u00f3lo de pan vive el hombre&#8230;"},"content":{"rendered":"<p>Aunque por supuesto que necesita de pan para vivir. Y eso lo ha entendido muy bien Bimbo, una marca que para todos los mexicanos es tanto o m\u00e1s familiar que Coca Cola y otras marcas. Con una visi\u00f3n empresarial muy clara de ofrecer un producto b\u00e1sico, Bimbo se ha ocupado de llevar a todos los rincones de nuestro pa\u00eds el pan nuestro de cada d\u00eda y a muchas naciones m\u00e1s, como Estados Unidos de Am\u00e9rica, China, Espa\u00f1a, Portugal, Centroam\u00e9rica, Sudam\u00e9rica y Medio Oriente, haciendo de esta empresa orgullosamente mexicana la panificadora m\u00e1s grande del mundo.<\/p>\n<p>Por eso, tener a don Roberto Servitje en la portada de Latitud 21 es todo un honor, ya que su trayectoria empresarial tiene que ser un modelo de inspiraci\u00f3n para todo empresario que realice su verdadera misi\u00f3n social y cristiana a trav\u00e9s de una empresa, como lo ha hecho don Roberto.<\/p>\n<p>Y es que la tan so\u00f1ada oportunidad de conocer y entrevistar a don Roberto se dio precisamente aqu\u00ed en Canc\u00fan, cuando invitado por Fernando Garc\u00eda Zalvidea vino a compartir su testimonio de empresario socialmente responsable en el foro <em>His Way at Work<\/em> (www.hwaw.com), junto con otros destacados y no menos exitosos empresarios que han hecho de su empresa un testimonio de vida y de valores cristianos.<\/p>\n<p>\u201cEmpresas altamente productivas y socialmente responsables\u201d fue el tema de don Roberto Servitje en su presentaci\u00f3n el viernes 18 de enero en el Grand Caribe Real y que puedes ver en www.hiswayatworkcancun.com, junto con las dem\u00e1s presentaciones de tan exitoso e inspirador evento.<\/p>\n<p>Pero escucha, cuando te habla el presidente del Consejo de Administraci\u00f3n de una empresa que da empleo a m\u00e1s de 127 mil personas en 19 pa\u00edses, donde sus m\u00e1s de ocho mil productos de m\u00e1s de 100 marcas se venden en m\u00e1s de 2,000,000 de puntos de venta y generan ingresos por m\u00e1s de 150,000,000,000 de pesos anuales (s\u00ed, leyeron bien, ciento cincuenta mil millones de pesos anuales), \u00a1equivalente al uno por ciento del Producto Interno Bruto Nominal de M\u00e9xico!, les aseguro que m\u00e1s vale prestarle atenci\u00f3n.<\/p>\n<p>Don Roberto Servitje nos comparte tambi\u00e9n la clave de su \u00e9xito en su libro <em>Estrategia de Exito Empresarial<\/em>, y en su presentaci\u00f3n en Canc\u00fan, cuando nos dijo que \u201ces una riqueza para el mundo empresarial la existencia de\u00a0 instituciones que promueven el conocimiento y la vivencia de valores de la doctrina social cristiana\u201d.<\/p>\n<p>Pero por supuesto que no necesitamos ser los due\u00f1os de la panificadora m\u00e1s grande del mundo para cambiarlo. Cualquiera que sea el \u00e1mbito de influencia podemos cambiar NUESTRO mundo cuando encontramos nuestra misi\u00f3n y llevamos nuestra empresa con responsabilidad social, no s\u00f3lo ofreciendo un medio para llevar el pan nuestro de cada d\u00eda a cada uno de los hogares de nuestros colaboradores, tambi\u00e9n con un mensaje inspirado en valores humanos y cristianos. Porque, despu\u00e9s de todo, no s\u00f3lo de pan vive el hombre.<\/p>\n<p>[editor]eduardo-albor[\/editor]<\/p>\n<p>&nbsp;<\/p>\n","protected":false},"excerpt":{"rendered":"<p>Aunque por supuesto que necesita de pan para vivir. Y eso lo ha entendido muy bien&hellip;<\/p>\n","protected":false},"author":69,"featured_media":0,"comment_status":"open","ping_status":"open","sticky":false,"template":"","format":"standard","meta":{"_acf_changed":false,"_lmt_disableupdate":"","_lmt_disable":"","_mbp_gutenberg_autopost":false,"footnotes":""},"categories":[34,20],"tags":[63,65,62,48,64,61],"class_list":["post-2153","post","type-post","status-publish","format-standard","hentry","category-eduardo-albor","category-columnas","tag-caribe-mexicano","tag-grupo-editorial-latitud21","tag-revista-latitud21","tag-cancun","tag-latitud-21","tag-latitud21"],"acf":[],"yoast_head":"<!-- This site is optimized with the Yoast SEO plugin v27.5 - https:\/\/yoast.com\/product\/yoast-seo-wordpress\/ -->\n<title>No s\u00f3lo de pan vive el hombre... | Revista Latitud 21<\/title>\n<meta name=\"description\" content=\"L21, Emprendedores y Negocios en el Caribe Mexicano, es la revista l\u00edder entre el Sector Empresarial y Tur\u00edstico del Caribe Mexicano.\" \/>\n<meta name=\"robots\" content=\"index, follow, max-snippet:-1, max-image-preview:large, max-video-preview:-1\" \/>\n<link rel=\"canonical\" href=\"https:\/\/l21.mx\/?p=2153\" \/>\n<meta name=\"twitter:card\" content=\"summary_large_image\" \/>\n<meta name=\"twitter:title\" content=\"No s\u00f3lo de pan vive el hombre... | Revista Latitud 21\" \/>\n<meta name=\"twitter:description\" content=\"L21, Emprendedores y Negocios en el Caribe Mexicano, es la revista l\u00edder entre el Sector Empresarial y Tur\u00edstico del Caribe Mexicano.\" \/>\n<meta name=\"twitter:creator\" content=\"@Latitud21mx\" \/>\n<meta name=\"twitter:site\" content=\"@Latitud21mx\" \/>\n<meta name=\"twitter:label1\" content=\"Escrito por\" \/>\n\t<meta name=\"twitter:data1\" content=\"Redacci\u00f3n\" \/>\n\t<meta name=\"twitter:label2\" content=\"Tiempo de lectura\" \/>\n\t<meta name=\"twitter:data2\" content=\"3 minutos\" \/>\n<script type=\"application\/ld+json\" class=\"yoast-schema-graph\">{\"@context\":\"https:\\\/\\\/schema.org\",\"@graph\":[{\"@type\":\"Article\",\"@id\":\"https:\\\/\\\/l21.mx\\\/?p=2153#article\",\"isPartOf\":{\"@id\":\"https:\\\/\\\/l21.mx\\\/?p=2153\"},\"author\":{\"name\":\"Redacci\u00f3n\",\"@id\":\"https:\\\/\\\/l21.mx\\\/#\\\/schema\\\/person\\\/066641669c6ee7227953da2a023ebcde\"},\"headline\":\"No s\u00f3lo de pan vive el hombre&#8230;\",\"datePublished\":\"2013-04-02T18:43:56+00:00\",\"dateModified\":\"2013-08-01T15:47:43+00:00\",\"mainEntityOfPage\":{\"@id\":\"https:\\\/\\\/l21.mx\\\/?p=2153\"},\"wordCount\":527,\"commentCount\":0,\"publisher\":{\"@id\":\"https:\\\/\\\/l21.mx\\\/#organization\"},\"keywords\":[\"\\\"Caribe Mexicano\\\"\",\"\\\"Grupo editorial Latitud21\\\"\",\"\\\"revista latitud21\\\"\",\"Cancun\",\"latitud 21\",\"latitud21\"],\"articleSection\":[\"Eduardo Albor\",\"X Columnas\"],\"inLanguage\":\"es\",\"potentialAction\":[{\"@type\":\"CommentAction\",\"name\":\"Comment\",\"target\":[\"https:\\\/\\\/l21.mx\\\/?p=2153#respond\"]}]},{\"@type\":\"WebPage\",\"@id\":\"https:\\\/\\\/l21.mx\\\/?p=2153\",\"url\":\"https:\\\/\\\/l21.mx\\\/?p=2153\",\"name\":\"No s\u00f3lo de pan vive el hombre... | Revista Latitud 21\",\"isPartOf\":{\"@id\":\"https:\\\/\\\/l21.mx\\\/#website\"},\"datePublished\":\"2013-04-02T18:43:56+00:00\",\"dateModified\":\"2013-08-01T15:47:43+00:00\",\"description\":\"L21, Emprendedores y Negocios en el Caribe Mexicano, es la revista l\u00edder entre el Sector Empresarial y Tur\u00edstico del Caribe Mexicano.\",\"breadcrumb\":{\"@id\":\"https:\\\/\\\/l21.mx\\\/?p=2153#breadcrumb\"},\"inLanguage\":\"es\",\"potentialAction\":[{\"@type\":\"ReadAction\",\"target\":[\"https:\\\/\\\/l21.mx\\\/?p=2153\"]}]},{\"@type\":\"BreadcrumbList\",\"@id\":\"https:\\\/\\\/l21.mx\\\/?p=2153#breadcrumb\",\"itemListElement\":[{\"@type\":\"ListItem\",\"position\":1,\"name\":\"Portada\",\"item\":\"https:\\\/\\\/l21.mx\\\/\"},{\"@type\":\"ListItem\",\"position\":2,\"name\":\"No s\u00f3lo de pan vive el hombre&#8230;\"}]},{\"@type\":\"WebSite\",\"@id\":\"https:\\\/\\\/l21.mx\\\/#website\",\"url\":\"https:\\\/\\\/l21.mx\\\/\",\"name\":\"Revista Latitud 21\",\"description\":\"Emprendedores  y negocios en el Caribe Mexicano\",\"publisher\":{\"@id\":\"https:\\\/\\\/l21.mx\\\/#organization\"},\"potentialAction\":[{\"@type\":\"SearchAction\",\"target\":{\"@type\":\"EntryPoint\",\"urlTemplate\":\"https:\\\/\\\/l21.mx\\\/?s={search_term_string}\"},\"query-input\":{\"@type\":\"PropertyValueSpecification\",\"valueRequired\":true,\"valueName\":\"search_term_string\"}}],\"inLanguage\":\"es\"},{\"@type\":\"Organization\",\"@id\":\"https:\\\/\\\/l21.mx\\\/#organization\",\"name\":\"Grupo Editorial Latitud 21 SA de CV\",\"url\":\"https:\\\/\\\/l21.mx\\\/\",\"logo\":{\"@type\":\"ImageObject\",\"inLanguage\":\"es\",\"@id\":\"https:\\\/\\\/l21.mx\\\/#\\\/schema\\\/logo\\\/image\\\/\",\"url\":\"https:\\\/\\\/l21.mx\\\/wp-content\\\/uploads\\\/2020\\\/10\\\/logo-l21-baja.jpg\",\"contentUrl\":\"https:\\\/\\\/l21.mx\\\/wp-content\\\/uploads\\\/2020\\\/10\\\/logo-l21-baja.jpg\",\"width\":250,\"height\":250,\"caption\":\"Grupo Editorial Latitud 21 SA de CV\"},\"image\":{\"@id\":\"https:\\\/\\\/l21.mx\\\/#\\\/schema\\\/logo\\\/image\\\/\"},\"sameAs\":[\"https:\\\/\\\/www.facebook.com\\\/RevistaLatitud21\\\/\",\"https:\\\/\\\/x.com\\\/Latitud21mx\"]},{\"@type\":\"Person\",\"@id\":\"https:\\\/\\\/l21.mx\\\/#\\\/schema\\\/person\\\/066641669c6ee7227953da2a023ebcde\",\"name\":\"Redacci\u00f3n\",\"url\":\"https:\\\/\\\/l21.mx\\\/?author=69\"}]}<\/script>\n<!-- \/ Yoast SEO plugin. -->","yoast_head_json":{"title":"No s\u00f3lo de pan vive el hombre... | Revista Latitud 21","description":"L21, Emprendedores y Negocios en el Caribe Mexicano, es la revista l\u00edder entre el Sector Empresarial y Tur\u00edstico del Caribe Mexicano.","robots":{"index":"index","follow":"follow","max-snippet":"max-snippet:-1","max-image-preview":"max-image-preview:large","max-video-preview":"max-video-preview:-1"},"canonical":"https:\/\/l21.mx\/?p=2153","twitter_card":"summary_large_image","twitter_title":"No s\u00f3lo de pan vive el hombre... | Revista Latitud 21","twitter_description":"L21, Emprendedores y Negocios en el Caribe Mexicano, es la revista l\u00edder entre el Sector Empresarial y Tur\u00edstico del Caribe Mexicano.","twitter_creator":"@Latitud21mx","twitter_site":"@Latitud21mx","twitter_misc":{"Escrito por":"Redacci\u00f3n","Tiempo de lectura":"3 minutos"},"schema":{"@context":"https:\/\/schema.org","@graph":[{"@type":"Article","@id":"https:\/\/l21.mx\/?p=2153#article","isPartOf":{"@id":"https:\/\/l21.mx\/?p=2153"},"author":{"name":"Redacci\u00f3n","@id":"https:\/\/l21.mx\/#\/schema\/person\/066641669c6ee7227953da2a023ebcde"},"headline":"No s\u00f3lo de pan vive el hombre&#8230;","datePublished":"2013-04-02T18:43:56+00:00","dateModified":"2013-08-01T15:47:43+00:00","mainEntityOfPage":{"@id":"https:\/\/l21.mx\/?p=2153"},"wordCount":527,"commentCount":0,"publisher":{"@id":"https:\/\/l21.mx\/#organization"},"keywords":["\"Caribe Mexicano\"","\"Grupo editorial Latitud21\"","\"revista latitud21\"","Cancun","latitud 21","latitud21"],"articleSection":["Eduardo Albor","X Columnas"],"inLanguage":"es","potentialAction":[{"@type":"CommentAction","name":"Comment","target":["https:\/\/l21.mx\/?p=2153#respond"]}]},{"@type":"WebPage","@id":"https:\/\/l21.mx\/?p=2153","url":"https:\/\/l21.mx\/?p=2153","name":"No s\u00f3lo de pan vive el hombre... | Revista Latitud 21","isPartOf":{"@id":"https:\/\/l21.mx\/#website"},"datePublished":"2013-04-02T18:43:56+00:00","dateModified":"2013-08-01T15:47:43+00:00","description":"L21, Emprendedores y Negocios en el Caribe Mexicano, es la revista l\u00edder entre el Sector Empresarial y Tur\u00edstico del Caribe Mexicano.","breadcrumb":{"@id":"https:\/\/l21.mx\/?p=2153#breadcrumb"},"inLanguage":"es","potentialAction":[{"@type":"ReadAction","target":["https:\/\/l21.mx\/?p=2153"]}]},{"@type":"BreadcrumbList","@id":"https:\/\/l21.mx\/?p=2153#breadcrumb","itemListElement":[{"@type":"ListItem","position":1,"name":"Portada","item":"https:\/\/l21.mx\/"},{"@type":"ListItem","position":2,"name":"No s\u00f3lo de pan vive el hombre&#8230;"}]},{"@type":"WebSite","@id":"https:\/\/l21.mx\/#website","url":"https:\/\/l21.mx\/","name":"Revista Latitud 21","description":"Emprendedores  y negocios en el Caribe Mexicano","publisher":{"@id":"https:\/\/l21.mx\/#organization"},"potentialAction":[{"@type":"SearchAction","target":{"@type":"EntryPoint","urlTemplate":"https:\/\/l21.mx\/?s={search_term_string}"},"query-input":{"@type":"PropertyValueSpecification","valueRequired":true,"valueName":"search_term_string"}}],"inLanguage":"es"},{"@type":"Organization","@id":"https:\/\/l21.mx\/#organization","name":"Grupo Editorial Latitud 21 SA de CV","url":"https:\/\/l21.mx\/","logo":{"@type":"ImageObject","inLanguage":"es","@id":"https:\/\/l21.mx\/#\/schema\/logo\/image\/","url":"https:\/\/l21.mx\/wp-content\/uploads\/2020\/10\/logo-l21-baja.jpg","contentUrl":"https:\/\/l21.mx\/wp-content\/uploads\/2020\/10\/logo-l21-baja.jpg","width":250,"height":250,"caption":"Grupo Editorial Latitud 21 SA de CV"},"image":{"@id":"https:\/\/l21.mx\/#\/schema\/logo\/image\/"},"sameAs":["https:\/\/www.facebook.com\/RevistaLatitud21\/","https:\/\/x.com\/Latitud21mx"]},{"@type":"Person","@id":"https:\/\/l21.mx\/#\/schema\/person\/066641669c6ee7227953da2a023ebcde","name":"Redacci\u00f3n","url":"https:\/\/l21.mx\/?author=69"}]}},"amp_enabled":true,"_links":{"self":[{"href":"https:\/\/l21.mx\/index.php?rest_route=\/wp\/v2\/posts\/2153","targetHints":{"allow":["GET"]}}],"collection":[{"href":"https:\/\/l21.mx\/index.php?rest_route=\/wp\/v2\/posts"}],"about":[{"href":"https:\/\/l21.mx\/index.php?rest_route=\/wp\/v2\/types\/post"}],"author":[{"embeddable":true,"href":"https:\/\/l21.mx\/index.php?rest_route=\/wp\/v2\/users\/69"}],"replies":[{"embeddable":true,"href":"https:\/\/l21.mx\/index.php?rest_route=%2Fwp%2Fv2%2Fcomments&post=2153"}],"version-history":[{"count":0,"href":"https:\/\/l21.mx\/index.php?rest_route=\/wp\/v2\/posts\/2153\/revisions"}],"wp:attachment":[{"href":"https:\/\/l21.mx\/index.php?rest_route=%2Fwp%2Fv2%2Fmedia&parent=2153"}],"wp:term":[{"taxonomy":"category","embeddable":true,"href":"https:\/\/l21.mx\/index.php?rest_route=%2Fwp%2Fv2%2Fcategories&post=2153"},{"taxonomy":"post_tag","embeddable":true,"href":"https:\/\/l21.mx\/index.php?rest_route=%2Fwp%2Fv2%2Ftags&post=2153"}],"curies":[{"name":"wp","href":"https:\/\/api.w.org\/{rel}","templated":true}]}}