{"id":2157,"date":"2013-04-02T12:47:08","date_gmt":"2013-04-02T18:47:08","guid":{"rendered":"http:\/\/innovatori.space\/lat21\/?p=2157"},"modified":"2013-08-01T10:46:42","modified_gmt":"2013-08-01T15:46:42","slug":"seresponsable","status":"publish","type":"post","link":"https:\/\/l21.mx\/?p=2157","title":{"rendered":"SEResponsable"},"content":{"rendered":"<p>Hablar de Roberto Servitje, CEO de Grupo Bimbo, es hablar de un hombre visionario, cuyo modelo de negocios perme\u00f3 hace cuatro d\u00e9cadas en una nueva cultura empresarial en M\u00e9xico\u2026 sin romanticismos.<\/p>\n<p>Estableci\u00f3 una serie de conceptos que involucr\u00f3 inversi\u00f3n en el capital humano como principal activo. De ah\u00ed derivaron otros preceptos, como \u00e9tica empresarial, conservaci\u00f3n del medio ambiente y participaci\u00f3n en la comunidad en temas como nutrici\u00f3n y educaci\u00f3n. Como pionero de la doctrina Empresa Socialmente Responsable, Servitje sab\u00eda que cada uno de \u00e9stos no pod\u00eda ir ajeno el uno del otro, llevando m\u00e1s all\u00e1 de la responsabilidad a un concepto tambi\u00e9n de sustentabilidad, y con congruencia. Por ejemplo. La inversi\u00f3n aplicada por el empresario para el desarrollo de tecnolog\u00eda pl\u00e1stica biodegradable ha sido millonaria, a fin de que los empaques de todos sus productos, 10 mil para ser exactos, se degraden en un lapso de entre tres a cinco a\u00f1os (versus 400 a\u00f1os del pl\u00e1stico normal). Tambi\u00e9n ha sido impulsor de campa\u00f1as a favor de la reforestaci\u00f3n, del financiamiento a microempresarios, de la educaci\u00f3n\u2026<\/p>\n<p>Su contribuci\u00f3n a esta cultura empresarial ha tenido efecto domin\u00f3. Inspir\u00f3 a decenas de empresas a implantar programas de esta \u00edndole, y a crear alianzas conjuntas. Abri\u00f3 brecha para la creaci\u00f3n de la asociaci\u00f3n civil Centro Mexicano para la Filantrop\u00eda (Cemefi), con una membres\u00eda de mil socios, quienes han desarrollado dentro de sus organizaciones programas para generar equidad, solidaridad y prosperidad comunitaria, en temas sociales y econ\u00f3micos.<\/p>\n<p>Sin embargo, aunque el empresariado de Quintana Roo no ha estado exento de adquirir esta cultura empresarial, lo ha hecho conservadoramente, trat\u00e1ndose de un padr\u00f3n de 33 mil empresas (versus seis que aplican tales conceptos). Y esta cifra no es m\u00e1s que una manera de tomar el pulso sobre la falta de seriedad para trabajar en una visi\u00f3n conjunta de sustentabilidad, de la que pende al cien por ciento el negocio del turismo, nuestra fuerza econ\u00f3mica.<\/p>\n<p>Sin un concepto de responsabilidad social no se puede hablar de un entendimiento de conservaci\u00f3n ambiental. Sin preservaci\u00f3n natural no se puede hablar de generaci\u00f3n de inversiones, ni de generaci\u00f3n de fuentes de empleo, ni de prosperidad, ni de equidad.<\/p>\n<p>Corruptelas para permisos irregulares, con los subsecuentes da\u00f1os ambientales, no han contribuido a generar esa cultura de responsabilidad social y sustentabilidad que el destino demanda. Y en ese sentido, no creemos que todo se resuelve \u00fanicamente con un enfoque empresarial, en algunos casos, como \u00e9ste, ser\u00eda preferible tambi\u00e9n involucrar una visi\u00f3n de estado.<\/p>\n<p>Como el efecto domin\u00f3 generado por Roberto Servitje y su gran organizaci\u00f3n Bimbo, empieza a haber indicios de que las empresas quintanarroenses involucradas en las ESR\u00a0 est\u00e1n generando a su paso adhesiones empresariales comprometidas. Faltar\u00e1 la voluntad pol\u00edtica aut\u00e9nticamente comprometida con el modelo de sustentabilidad para cerrar el eslab\u00f3n.<\/p>\n<p>&nbsp;<\/p>\n<p>[editor]mariana-orea[\/editor]<\/p>\n","protected":false},"excerpt":{"rendered":"<p>Hablar de Roberto Servitje, CEO de Grupo Bimbo, es hablar de un hombre visionario, cuyo modelo&hellip;<\/p>\n","protected":false},"author":2,"featured_media":0,"comment_status":"open","ping_status":"open","sticky":false,"template":"","format":"standard","meta":{"_acf_changed":false,"_lmt_disableupdate":"","_lmt_disable":"","_mbp_gutenberg_autopost":false,"footnotes":""},"categories":[32,20],"tags":[63,65,62,48,64,61],"class_list":["post-2157","post","type-post","status-publish","format-standard","hentry","category-mariana-orea","category-columnas","tag-caribe-mexicano","tag-grupo-editorial-latitud21","tag-revista-latitud21","tag-cancun","tag-latitud-21","tag-latitud21"],"acf":[],"yoast_head":"<!-- This site is optimized with the Yoast SEO plugin v27.5 - https:\/\/yoast.com\/product\/yoast-seo-wordpress\/ -->\n<title>SEResponsable | Revista Latitud 21<\/title>\n<meta name=\"description\" content=\"L21, Emprendedores y Negocios en el Caribe Mexicano, es la revista l\u00edder entre el Sector Empresarial y Tur\u00edstico del Caribe Mexicano.\" \/>\n<meta name=\"robots\" content=\"index, follow, max-snippet:-1, max-image-preview:large, max-video-preview:-1\" \/>\n<link rel=\"canonical\" href=\"https:\/\/l21.mx\/?p=2157\" \/>\n<meta name=\"twitter:card\" content=\"summary_large_image\" \/>\n<meta name=\"twitter:title\" content=\"SEResponsable | Revista Latitud 21\" \/>\n<meta name=\"twitter:description\" content=\"L21, Emprendedores y Negocios en el Caribe Mexicano, es la revista l\u00edder entre el Sector Empresarial y Tur\u00edstico del Caribe Mexicano.\" \/>\n<meta name=\"twitter:creator\" content=\"@Latitud21mx\" \/>\n<meta name=\"twitter:site\" content=\"@Latitud21mx\" \/>\n<meta name=\"twitter:label1\" content=\"Escrito por\" \/>\n\t<meta name=\"twitter:data1\" content=\"Latitud21 Redacci\u00f3n\" \/>\n\t<meta name=\"twitter:label2\" content=\"Tiempo de lectura\" \/>\n\t<meta name=\"twitter:data2\" content=\"3 minutos\" \/>\n<script type=\"application\/ld+json\" class=\"yoast-schema-graph\">{\"@context\":\"https:\\\/\\\/schema.org\",\"@graph\":[{\"@type\":\"Article\",\"@id\":\"https:\\\/\\\/l21.mx\\\/?p=2157#article\",\"isPartOf\":{\"@id\":\"https:\\\/\\\/l21.mx\\\/?p=2157\"},\"author\":{\"name\":\"Latitud21 Redacci\u00f3n\",\"@id\":\"https:\\\/\\\/l21.mx\\\/#\\\/schema\\\/person\\\/4b571cc212089f95579f3b66253728f1\"},\"headline\":\"SEResponsable\",\"datePublished\":\"2013-04-02T18:47:08+00:00\",\"dateModified\":\"2013-08-01T15:46:42+00:00\",\"mainEntityOfPage\":{\"@id\":\"https:\\\/\\\/l21.mx\\\/?p=2157\"},\"wordCount\":507,\"commentCount\":0,\"publisher\":{\"@id\":\"https:\\\/\\\/l21.mx\\\/#organization\"},\"keywords\":[\"\\\"Caribe Mexicano\\\"\",\"\\\"Grupo editorial Latitud21\\\"\",\"\\\"revista latitud21\\\"\",\"Cancun\",\"latitud 21\",\"latitud21\"],\"articleSection\":[\"Mariana Orea\",\"X Columnas\"],\"inLanguage\":\"es\",\"potentialAction\":[{\"@type\":\"CommentAction\",\"name\":\"Comment\",\"target\":[\"https:\\\/\\\/l21.mx\\\/?p=2157#respond\"]}]},{\"@type\":\"WebPage\",\"@id\":\"https:\\\/\\\/l21.mx\\\/?p=2157\",\"url\":\"https:\\\/\\\/l21.mx\\\/?p=2157\",\"name\":\"SEResponsable | Revista Latitud 21\",\"isPartOf\":{\"@id\":\"https:\\\/\\\/l21.mx\\\/#website\"},\"datePublished\":\"2013-04-02T18:47:08+00:00\",\"dateModified\":\"2013-08-01T15:46:42+00:00\",\"description\":\"L21, Emprendedores y Negocios en el Caribe Mexicano, es la revista l\u00edder entre el Sector Empresarial y Tur\u00edstico del Caribe Mexicano.\",\"breadcrumb\":{\"@id\":\"https:\\\/\\\/l21.mx\\\/?p=2157#breadcrumb\"},\"inLanguage\":\"es\",\"potentialAction\":[{\"@type\":\"ReadAction\",\"target\":[\"https:\\\/\\\/l21.mx\\\/?p=2157\"]}]},{\"@type\":\"BreadcrumbList\",\"@id\":\"https:\\\/\\\/l21.mx\\\/?p=2157#breadcrumb\",\"itemListElement\":[{\"@type\":\"ListItem\",\"position\":1,\"name\":\"Portada\",\"item\":\"https:\\\/\\\/l21.mx\\\/\"},{\"@type\":\"ListItem\",\"position\":2,\"name\":\"SEResponsable\"}]},{\"@type\":\"WebSite\",\"@id\":\"https:\\\/\\\/l21.mx\\\/#website\",\"url\":\"https:\\\/\\\/l21.mx\\\/\",\"name\":\"Revista Latitud 21\",\"description\":\"Emprendedores  y negocios en el Caribe Mexicano\",\"publisher\":{\"@id\":\"https:\\\/\\\/l21.mx\\\/#organization\"},\"potentialAction\":[{\"@type\":\"SearchAction\",\"target\":{\"@type\":\"EntryPoint\",\"urlTemplate\":\"https:\\\/\\\/l21.mx\\\/?s={search_term_string}\"},\"query-input\":{\"@type\":\"PropertyValueSpecification\",\"valueRequired\":true,\"valueName\":\"search_term_string\"}}],\"inLanguage\":\"es\"},{\"@type\":\"Organization\",\"@id\":\"https:\\\/\\\/l21.mx\\\/#organization\",\"name\":\"Grupo Editorial Latitud 21 SA de CV\",\"url\":\"https:\\\/\\\/l21.mx\\\/\",\"logo\":{\"@type\":\"ImageObject\",\"inLanguage\":\"es\",\"@id\":\"https:\\\/\\\/l21.mx\\\/#\\\/schema\\\/logo\\\/image\\\/\",\"url\":\"https:\\\/\\\/l21.mx\\\/wp-content\\\/uploads\\\/2020\\\/10\\\/logo-l21-baja.jpg\",\"contentUrl\":\"https:\\\/\\\/l21.mx\\\/wp-content\\\/uploads\\\/2020\\\/10\\\/logo-l21-baja.jpg\",\"width\":250,\"height\":250,\"caption\":\"Grupo Editorial Latitud 21 SA de CV\"},\"image\":{\"@id\":\"https:\\\/\\\/l21.mx\\\/#\\\/schema\\\/logo\\\/image\\\/\"},\"sameAs\":[\"https:\\\/\\\/www.facebook.com\\\/RevistaLatitud21\\\/\",\"https:\\\/\\\/x.com\\\/Latitud21mx\"]},{\"@type\":\"Person\",\"@id\":\"https:\\\/\\\/l21.mx\\\/#\\\/schema\\\/person\\\/4b571cc212089f95579f3b66253728f1\",\"name\":\"Latitud21 Redacci\u00f3n\",\"url\":\"https:\\\/\\\/l21.mx\\\/?author=2\"}]}<\/script>\n<!-- \/ Yoast SEO plugin. -->","yoast_head_json":{"title":"SEResponsable | Revista Latitud 21","description":"L21, Emprendedores y Negocios en el Caribe Mexicano, es la revista l\u00edder entre el Sector Empresarial y Tur\u00edstico del Caribe Mexicano.","robots":{"index":"index","follow":"follow","max-snippet":"max-snippet:-1","max-image-preview":"max-image-preview:large","max-video-preview":"max-video-preview:-1"},"canonical":"https:\/\/l21.mx\/?p=2157","twitter_card":"summary_large_image","twitter_title":"SEResponsable | Revista Latitud 21","twitter_description":"L21, Emprendedores y Negocios en el Caribe Mexicano, es la revista l\u00edder entre el Sector Empresarial y Tur\u00edstico del Caribe Mexicano.","twitter_creator":"@Latitud21mx","twitter_site":"@Latitud21mx","twitter_misc":{"Escrito por":"Latitud21 Redacci\u00f3n","Tiempo de lectura":"3 minutos"},"schema":{"@context":"https:\/\/schema.org","@graph":[{"@type":"Article","@id":"https:\/\/l21.mx\/?p=2157#article","isPartOf":{"@id":"https:\/\/l21.mx\/?p=2157"},"author":{"name":"Latitud21 Redacci\u00f3n","@id":"https:\/\/l21.mx\/#\/schema\/person\/4b571cc212089f95579f3b66253728f1"},"headline":"SEResponsable","datePublished":"2013-04-02T18:47:08+00:00","dateModified":"2013-08-01T15:46:42+00:00","mainEntityOfPage":{"@id":"https:\/\/l21.mx\/?p=2157"},"wordCount":507,"commentCount":0,"publisher":{"@id":"https:\/\/l21.mx\/#organization"},"keywords":["\"Caribe Mexicano\"","\"Grupo editorial Latitud21\"","\"revista latitud21\"","Cancun","latitud 21","latitud21"],"articleSection":["Mariana Orea","X Columnas"],"inLanguage":"es","potentialAction":[{"@type":"CommentAction","name":"Comment","target":["https:\/\/l21.mx\/?p=2157#respond"]}]},{"@type":"WebPage","@id":"https:\/\/l21.mx\/?p=2157","url":"https:\/\/l21.mx\/?p=2157","name":"SEResponsable | Revista Latitud 21","isPartOf":{"@id":"https:\/\/l21.mx\/#website"},"datePublished":"2013-04-02T18:47:08+00:00","dateModified":"2013-08-01T15:46:42+00:00","description":"L21, Emprendedores y Negocios en el Caribe Mexicano, es la revista l\u00edder entre el Sector Empresarial y Tur\u00edstico del Caribe Mexicano.","breadcrumb":{"@id":"https:\/\/l21.mx\/?p=2157#breadcrumb"},"inLanguage":"es","potentialAction":[{"@type":"ReadAction","target":["https:\/\/l21.mx\/?p=2157"]}]},{"@type":"BreadcrumbList","@id":"https:\/\/l21.mx\/?p=2157#breadcrumb","itemListElement":[{"@type":"ListItem","position":1,"name":"Portada","item":"https:\/\/l21.mx\/"},{"@type":"ListItem","position":2,"name":"SEResponsable"}]},{"@type":"WebSite","@id":"https:\/\/l21.mx\/#website","url":"https:\/\/l21.mx\/","name":"Revista Latitud 21","description":"Emprendedores  y negocios en el Caribe Mexicano","publisher":{"@id":"https:\/\/l21.mx\/#organization"},"potentialAction":[{"@type":"SearchAction","target":{"@type":"EntryPoint","urlTemplate":"https:\/\/l21.mx\/?s={search_term_string}"},"query-input":{"@type":"PropertyValueSpecification","valueRequired":true,"valueName":"search_term_string"}}],"inLanguage":"es"},{"@type":"Organization","@id":"https:\/\/l21.mx\/#organization","name":"Grupo Editorial Latitud 21 SA de CV","url":"https:\/\/l21.mx\/","logo":{"@type":"ImageObject","inLanguage":"es","@id":"https:\/\/l21.mx\/#\/schema\/logo\/image\/","url":"https:\/\/l21.mx\/wp-content\/uploads\/2020\/10\/logo-l21-baja.jpg","contentUrl":"https:\/\/l21.mx\/wp-content\/uploads\/2020\/10\/logo-l21-baja.jpg","width":250,"height":250,"caption":"Grupo Editorial Latitud 21 SA de CV"},"image":{"@id":"https:\/\/l21.mx\/#\/schema\/logo\/image\/"},"sameAs":["https:\/\/www.facebook.com\/RevistaLatitud21\/","https:\/\/x.com\/Latitud21mx"]},{"@type":"Person","@id":"https:\/\/l21.mx\/#\/schema\/person\/4b571cc212089f95579f3b66253728f1","name":"Latitud21 Redacci\u00f3n","url":"https:\/\/l21.mx\/?author=2"}]}},"amp_enabled":true,"_links":{"self":[{"href":"https:\/\/l21.mx\/index.php?rest_route=\/wp\/v2\/posts\/2157","targetHints":{"allow":["GET"]}}],"collection":[{"href":"https:\/\/l21.mx\/index.php?rest_route=\/wp\/v2\/posts"}],"about":[{"href":"https:\/\/l21.mx\/index.php?rest_route=\/wp\/v2\/types\/post"}],"author":[{"embeddable":true,"href":"https:\/\/l21.mx\/index.php?rest_route=\/wp\/v2\/users\/2"}],"replies":[{"embeddable":true,"href":"https:\/\/l21.mx\/index.php?rest_route=%2Fwp%2Fv2%2Fcomments&post=2157"}],"version-history":[{"count":0,"href":"https:\/\/l21.mx\/index.php?rest_route=\/wp\/v2\/posts\/2157\/revisions"}],"wp:attachment":[{"href":"https:\/\/l21.mx\/index.php?rest_route=%2Fwp%2Fv2%2Fmedia&parent=2157"}],"wp:term":[{"taxonomy":"category","embeddable":true,"href":"https:\/\/l21.mx\/index.php?rest_route=%2Fwp%2Fv2%2Fcategories&post=2157"},{"taxonomy":"post_tag","embeddable":true,"href":"https:\/\/l21.mx\/index.php?rest_route=%2Fwp%2Fv2%2Ftags&post=2157"}],"curies":[{"name":"wp","href":"https:\/\/api.w.org\/{rel}","templated":true}]}}