{"id":21590,"date":"2016-10-18T09:00:43","date_gmt":"2016-10-18T14:00:43","guid":{"rendered":"http:\/\/innovatori.space\/lat21\/?p=21590"},"modified":"2021-03-01T11:48:57","modified_gmt":"2021-03-01T16:48:57","slug":"riviera-maya-reafirma-liderazgo","status":"publish","type":"post","link":"https:\/\/l21.mx\/?p=21590","title":{"rendered":"Riviera Maya reafirma liderazgo"},"content":{"rendered":"<p><a href=\"http:\/\/l21.mx\/wp-content\/uploads\/2016\/10\/riviera-maya.jpg\" data-rel=\"penci-gallery-image-content\" ><img fetchpriority=\"high\" decoding=\"async\" class=\"alignleft size-medium wp-image-21593\" title=\"riviera-maya\" src=\"http:\/\/l21.mx\/wp-content\/uploads\/2016\/10\/riviera-maya-300x200.jpg\" alt=\"\" width=\"300\" height=\"200\" srcset=\"https:\/\/l21.mx\/wp-content\/uploads\/2016\/10\/riviera-maya-300x200.jpg 300w, https:\/\/l21.mx\/wp-content\/uploads\/2016\/10\/riviera-maya-1024x683.jpg 1024w, https:\/\/l21.mx\/wp-content\/uploads\/2016\/10\/riviera-maya-768x513.jpg 768w, https:\/\/l21.mx\/wp-content\/uploads\/2016\/10\/riviera-maya-1170x781.jpg 1170w, https:\/\/l21.mx\/wp-content\/uploads\/2016\/10\/riviera-maya-585x390.jpg 585w, https:\/\/l21.mx\/wp-content\/uploads\/2016\/10\/riviera-maya-263x175.jpg 263w, https:\/\/l21.mx\/wp-content\/uploads\/2016\/10\/riviera-maya.jpg 1272w\" sizes=\"(max-width: 300px) 100vw, 300px\" \/><\/a>Por segundo a\u00f1o consecutivo la Riviera Maya fue galardonada con el <em>Apple Crystal Award <\/em>como Mejor Destino de M\u00e9xico, Hawaii y el Caribe, que anualmente entrega Apple Vacations, una de las empresas m\u00e1s importantes de Estados Unidos. En la entrega del galard\u00f3n, en la ciudad de Chicago, Illinois, Dar\u00edo Flota, director del Fideicomiso de Promoci\u00f3n Tur\u00edstica de Cozumel y la Riviera Maya, destac\u00f3 que \u201ces un honor recibir este reconocimiento internacional y representa uno de los premios m\u00e1s importantes de la industria tur\u00edstica\u201d. Luego de recibir el distintivo por parte de Tim Mullen, presidente de Apple Vacations, Flota mencion\u00f3 que \u201ctenemos un mayor compromiso para contribuir en el liderazgo, crecimiento y desarrollo continuo del turismo en nuestro destino\u201d. Asimismo recibieron el galard\u00f3n<em> Golden Apple Awards<\/em> los hoteles Iberostar Grand Hotel Para\u00edso, Mejor Resort Todo Incluido; Paradisus Playa del Carmen, Mejor Staff y Servicio en M\u00e9xico; Grand Bah\u00eda Pr\u00edncipe Cob\u00e1, Mejor Resort Todo Incluido para Familias; Secrets Maroma Beach, Mejor Resort Todo Incluido para Adultos; Hard Rock Riviera Maya, Mejor Entretenimiento, y Secrets Resorts &amp; Spas, Mejor Cadena Hotelera.<\/p>\n<div><\/div>\n","protected":false},"excerpt":{"rendered":"<p>Por segundo a\u00f1o consecutivo la Riviera Maya fue galardonada con el Apple Crystal Award como Mejor&hellip;<\/p>\n","protected":false},"author":2,"featured_media":21593,"comment_status":"open","ping_status":"open","sticky":false,"template":"","format":"standard","meta":{"_acf_changed":false,"_lmt_disableupdate":"","_lmt_disable":"","_mbp_gutenberg_autopost":false,"footnotes":""},"categories":[23,8],"tags":[],"class_list":["post-21590","post","type-post","status-publish","format-standard","has-post-thumbnail","hentry","category-noticias","category-turismo"],"acf":[],"_links":{"self":[{"href":"https:\/\/l21.mx\/index.php?rest_route=\/wp\/v2\/posts\/21590","targetHints":{"allow":["GET"]}}],"collection":[{"href":"https:\/\/l21.mx\/index.php?rest_route=\/wp\/v2\/posts"}],"about":[{"href":"https:\/\/l21.mx\/index.php?rest_route=\/wp\/v2\/types\/post"}],"author":[{"embeddable":true,"href":"https:\/\/l21.mx\/index.php?rest_route=\/wp\/v2\/users\/2"}],"replies":[{"embeddable":true,"href":"https:\/\/l21.mx\/index.php?rest_route=%2Fwp%2Fv2%2Fcomments&post=21590"}],"version-history":[{"count":0,"href":"https:\/\/l21.mx\/index.php?rest_route=\/wp\/v2\/posts\/21590\/revisions"}],"wp:featuredmedia":[{"embeddable":true,"href":"https:\/\/l21.mx\/index.php?rest_route=\/wp\/v2\/media\/21593"}],"wp:attachment":[{"href":"https:\/\/l21.mx\/index.php?rest_route=%2Fwp%2Fv2%2Fmedia&parent=21590"}],"wp:term":[{"taxonomy":"category","embeddable":true,"href":"https:\/\/l21.mx\/index.php?rest_route=%2Fwp%2Fv2%2Fcategories&post=21590"},{"taxonomy":"post_tag","embeddable":true,"href":"https:\/\/l21.mx\/index.php?rest_route=%2Fwp%2Fv2%2Ftags&post=21590"}],"curies":[{"name":"wp","href":"https:\/\/api.w.org\/{rel}","templated":true}]}}