{"id":21665,"date":"2017-01-12T12:47:27","date_gmt":"2017-01-12T18:47:27","guid":{"rendered":"http:\/\/innovatori.space\/lat21\/?p=21665"},"modified":"2017-01-12T12:53:55","modified_gmt":"2017-01-12T18:53:55","slug":"confirman-fecha-del-primer-festival-de-globos-en-merida","status":"publish","type":"post","link":"https:\/\/l21.mx\/?p=21665","title":{"rendered":"Se acerca el Primer Festival de Globos en M\u00e9rida"},"content":{"rendered":"<p dir=\"ltr\"><a href=\"http:\/\/l21.mx\/wp-content\/uploads\/2016\/10\/Figy.jpg\" data-rel=\"penci-gallery-image-content\" ><img fetchpriority=\"high\" decoding=\"async\" class=\"aligncenter size-medium wp-image-21668\" title=\"Figy\" src=\"http:\/\/l21.mx\/wp-content\/uploads\/2016\/10\/Figy-300x168.jpg\" alt=\"\" width=\"300\" height=\"168\" \/><\/a>Alrededor de 60 globos aerost\u00e1ticos participar\u00e1n en el\u00a0<strong>Primer Festival Internacional de Cultura y Arte<\/strong>\u00a0(FIGY) \u201c<strong>El Globo en Yucat\u00e1n 2017<\/strong>\u201d que se desarrollar\u00e1 desde el 19 al 22 de este mes.<\/p>\n<p dir=\"ltr\">La presidenta del FIGY, Karla Paola Medina, explic\u00f3 que este festival surge como una idea de conectar al p\u00fablico con actividades recreativas y culturales, as\u00ed como art\u00edsticas en un mismo espacio.<\/p>\n<p dir=\"ltr\">Tendr\u00e1n acceso a muestras gastron\u00f3micas y otras actividades, y se espera que durante los d\u00edas que durar\u00e1 el Festival se cuente con una afluencia de 40 mil personas.<\/p>\n<p dir=\"ltr\">A la par del espect\u00e1culo de globos se desarrollar\u00e1 la Expo Tradiciones y Costumbres que incluye una gran variedad de espect\u00e1culos de artes visuales, concursos de fotograf\u00eda, cine, seminarios de impulso al emprendimiento, conferencias sobre ciencia y tecnolog\u00eda y un \u201cmercadito-bazar\u201d, entre otros.<\/p>\n<p dir=\"ltr\">En total se espera la participaci\u00f3n de m\u00e1s de 100 artistas locales que desarrollar\u00e1n presentaciones de danza, m\u00fasica, y teatro que complementar\u00e1n la experiencia de estar entre los globos, y que tendr\u00e1 como\u00a0\u00abplato fuerte\u00bb,\u00a0en la parte art\u00edstica, al cantautor yucateco y embajador de Unicef, Aleks Syntek.<\/p>\n<p>Para mayores informes acerca del programa de los eventos en este<a href=\"http:\/\/www.elgloboenyucatan.com.mx\/dias.php\" target=\"_blank\" rel=\"noopener\">\u00a0link.<\/a><\/p>\n<h5>Precios<\/h5>\n<ul>\n<li>La entrada para el p\u00fablico en general ser\u00e1 de 65.00 pesos y\u00a045.00 pesos\u00a0para personas de capacidades diferentes tercera edad y ni\u00f1os.<\/li>\n<\/ul>\n<p>Con informaci\u00f3n de Notimex.<\/p>\n","protected":false},"excerpt":{"rendered":"<p>Alrededor de 60 globos aerost\u00e1ticos participar\u00e1n en el\u00a0Primer Festival Internacional de Cultura y Arte\u00a0(FIGY) \u201cEl Globo&hellip;<\/p>\n","protected":false},"author":2,"featured_media":21668,"comment_status":"open","ping_status":"open","sticky":false,"template":"","format":"standard","meta":{"_acf_changed":false,"_lmt_disableupdate":"","_lmt_disable":"","_mbp_gutenberg_autopost":false,"footnotes":""},"categories":[223,23,8],"tags":[],"class_list":["post-21665","post","type-post","status-publish","format-standard","has-post-thumbnail","hentry","category-meridiano-87","category-noticias","category-turismo"],"acf":[],"_links":{"self":[{"href":"https:\/\/l21.mx\/index.php?rest_route=\/wp\/v2\/posts\/21665","targetHints":{"allow":["GET"]}}],"collection":[{"href":"https:\/\/l21.mx\/index.php?rest_route=\/wp\/v2\/posts"}],"about":[{"href":"https:\/\/l21.mx\/index.php?rest_route=\/wp\/v2\/types\/post"}],"author":[{"embeddable":true,"href":"https:\/\/l21.mx\/index.php?rest_route=\/wp\/v2\/users\/2"}],"replies":[{"embeddable":true,"href":"https:\/\/l21.mx\/index.php?rest_route=%2Fwp%2Fv2%2Fcomments&post=21665"}],"version-history":[{"count":0,"href":"https:\/\/l21.mx\/index.php?rest_route=\/wp\/v2\/posts\/21665\/revisions"}],"wp:featuredmedia":[{"embeddable":true,"href":"https:\/\/l21.mx\/index.php?rest_route=\/wp\/v2\/media\/21668"}],"wp:attachment":[{"href":"https:\/\/l21.mx\/index.php?rest_route=%2Fwp%2Fv2%2Fmedia&parent=21665"}],"wp:term":[{"taxonomy":"category","embeddable":true,"href":"https:\/\/l21.mx\/index.php?rest_route=%2Fwp%2Fv2%2Fcategories&post=21665"},{"taxonomy":"post_tag","embeddable":true,"href":"https:\/\/l21.mx\/index.php?rest_route=%2Fwp%2Fv2%2Ftags&post=21665"}],"curies":[{"name":"wp","href":"https:\/\/api.w.org\/{rel}","templated":true}]}}