{"id":21726,"date":"2016-11-01T19:34:59","date_gmt":"2016-11-02T01:34:59","guid":{"rendered":"http:\/\/innovatori.space\/lat21\/?p=21726"},"modified":"2016-12-01T09:23:40","modified_gmt":"2016-12-01T15:23:40","slug":"palafitos-a-la-vista","status":"publish","type":"post","link":"https:\/\/l21.mx\/?p=21726","title":{"rendered":"\u00a1Palafitos a la vista!"},"content":{"rendered":"<p><strong><a href=\"http:\/\/l21.mx\/wp-content\/uploads\/2016\/11\/palafitos-2.jpg\" data-rel=\"penci-gallery-image-content\" ><img fetchpriority=\"high\" decoding=\"async\" class=\"alignleft  wp-image-21728\" title=\"palafitos-2\" src=\"http:\/\/l21.mx\/wp-content\/uploads\/2016\/11\/palafitos-2-575x1024.jpg\" alt=\"\" width=\"345\" height=\"614\" srcset=\"https:\/\/l21.mx\/wp-content\/uploads\/2016\/11\/palafitos-2-575x1024.jpg 575w, https:\/\/l21.mx\/wp-content\/uploads\/2016\/11\/palafitos-2-169x300.jpg 169w, https:\/\/l21.mx\/wp-content\/uploads\/2016\/11\/palafitos-2-768x1367.jpg 768w, https:\/\/l21.mx\/wp-content\/uploads\/2016\/11\/palafitos-2-863x1536.jpg 863w, https:\/\/l21.mx\/wp-content\/uploads\/2016\/11\/palafitos-2-585x1041.jpg 585w, https:\/\/l21.mx\/wp-content\/uploads\/2016\/11\/palafitos-2.jpg 1113w\" sizes=\"(max-width: 345px) 100vw, 345px\" \/><\/a><\/strong><\/p>\n<p><strong>Un nuevo concepto de lujo sobre el mar Caribe en El Dorado Maroma, cuya inversi\u00f3n rond\u00f3 los 15 mdd<\/strong><\/p>\n<p>Enclavados sobre el Caribe mexicano y con una inversi\u00f3n de 15 millones de d\u00f3lares, Karisma Hotel &amp; Resorts inici\u00f3 la operaci\u00f3n de los primeros 30 palafitos de Am\u00e9rica Latina en El Dorado Maroma, uno de los hoteles m\u00e1s exclusivos para adultos de la Riviera Maya.<\/p>\n<p>Los bungalows forman parte de una primera etapa de este proyecto que nace de la visi\u00f3n de Jos\u00e9 Luis Mart\u00ednez Alday y Dolores L\u00f3pez Lira, propietarios del Grupo Lomas Travel, de ampliar la gama de servicios para el turismo de lujo, generar empleos y demostrar que la industria tur\u00edstica en M\u00e9xico est\u00e1 a la altura de los mejores destinos a nivel mundial.<\/p>\n<p>Las exclusivas suites ubicadas dentro de un complejo de cinco mil 245 metros cuadrados sobre el oc\u00e9ano generaron 95 empleos directos y 350 indirectos. En una segunda etapa del proyecto se prev\u00e9 la construcci\u00f3n de 28 unidades m\u00e1s en el mismo centro de hospedaje y replicar el concepto en los dem\u00e1s hoteles de la cadena El Dorado Spa Resorts &amp; Hotels.<\/p>\n<p>Algunas de las caracter\u00edsticas de los palafitos son: suelos de cristal, escalera directa con acceso al mar, duchas al aire libre, piscinas privadas, jacuzzis dentro de la habitaci\u00f3n y terrazas de gran tama\u00f1o con sillas de descanso, as\u00ed como camastros y vista al horizonte.<\/p>\n<p>Los nuevos Palafitos en El Dorado Maroma esperan recibir a los afortunados hu\u00e9spedes que podr\u00e1n disfrutar de las brillantes aguas color turquesa que ofrece la playa del resort El Dorado Maroma, ubicado en playa Maroma, nominada como una de las 10 mejores playas del mundo de acuerdo con Travel Channel.<\/p>\n<p>Asimismo, parte de los productos y amenidades especiales que tendr\u00e1n los palafitos son 24 horas de servicio a las habitaciones, camas de d\u00eda exclusivas, picnics personalizados en la playa, mayordomo, bocadillos gourmet y bebidas refrescantes cuando se encuentren en la piscina y en la playa.<\/p>\n<p>La Experiencia Karisma Gourmet Inclusive que caracteriza a El Dorado Maroma a Beachfront Resort by Karisma, pone a la disposici\u00f3n de sus hu\u00e9spedes tres piscinas, seis restaurantes y cuatro bares.<\/p>\n<p>Los visitantes tambi\u00e9n pueden hacer una amplia selecci\u00f3n de actividades en el resort, ya que ofrece clases de baile, yoga, pilates, futbol y volibol de playa, as\u00ed como clases de cocina y kayak, entre otras.<\/p>\n<div><\/div>\n","protected":false},"excerpt":{"rendered":"<p>Un nuevo concepto de lujo sobre el mar Caribe en El Dorado Maroma, cuya inversi\u00f3n rond\u00f3&hellip;<\/p>\n","protected":false},"author":2,"featured_media":21731,"comment_status":"open","ping_status":"open","sticky":false,"template":"","format":"standard","meta":{"_acf_changed":false,"_lmt_disableupdate":"","_lmt_disable":"","_mbp_gutenberg_autopost":false,"footnotes":""},"categories":[4],"tags":[],"class_list":["post-21726","post","type-post","status-publish","format-standard","has-post-thumbnail","hentry","category-empresas-y-negocios"],"acf":[],"yoast_head":"<!-- This site is optimized with the Yoast SEO plugin v27.3 - https:\/\/yoast.com\/product\/yoast-seo-wordpress\/ -->\n<title>\u00a1Palafitos a la vista! | Revista Latitud 21<\/title>\n<meta name=\"description\" content=\"L21, Emprendedores y Negocios en el Caribe Mexicano, es la revista l\u00edder entre el Sector Empresarial y Tur\u00edstico del Caribe Mexicano.\" \/>\n<meta name=\"robots\" content=\"index, follow, max-snippet:-1, max-image-preview:large, max-video-preview:-1\" \/>\n<link rel=\"canonical\" href=\"https:\/\/l21.mx\/?p=21726\" \/>\n<meta name=\"twitter:card\" content=\"summary_large_image\" \/>\n<meta name=\"twitter:title\" content=\"\u00a1Palafitos a la vista! | Revista Latitud 21\" \/>\n<meta name=\"twitter:description\" content=\"L21, Emprendedores y Negocios en el Caribe Mexicano, es la revista l\u00edder entre el Sector Empresarial y Tur\u00edstico del Caribe Mexicano.\" \/>\n<meta name=\"twitter:image\" content=\"https:\/\/l21.mx\/wp-content\/uploads\/2016\/11\/palafitos.jpg\" \/>\n<meta name=\"twitter:creator\" content=\"@Latitud21mx\" \/>\n<meta name=\"twitter:site\" content=\"@Latitud21mx\" \/>\n<meta name=\"twitter:label1\" content=\"Escrito por\" \/>\n\t<meta name=\"twitter:data1\" content=\"Latitud21 Redacci\u00f3n\" \/>\n\t<meta name=\"twitter:label2\" content=\"Tiempo de lectura\" \/>\n\t<meta name=\"twitter:data2\" content=\"2 minutos\" \/>\n<script type=\"application\/ld+json\" class=\"yoast-schema-graph\">{\"@context\":\"https:\\\/\\\/schema.org\",\"@graph\":[{\"@type\":\"Article\",\"@id\":\"https:\\\/\\\/l21.mx\\\/?p=21726#article\",\"isPartOf\":{\"@id\":\"https:\\\/\\\/l21.mx\\\/?p=21726\"},\"author\":{\"name\":\"Latitud21 Redacci\u00f3n\",\"@id\":\"https:\\\/\\\/l21.mx\\\/#\\\/schema\\\/person\\\/4b571cc212089f95579f3b66253728f1\"},\"headline\":\"\u00a1Palafitos a la vista!\",\"datePublished\":\"2016-11-02T01:34:59+00:00\",\"dateModified\":\"2016-12-01T15:23:40+00:00\",\"mainEntityOfPage\":{\"@id\":\"https:\\\/\\\/l21.mx\\\/?p=21726\"},\"wordCount\":412,\"commentCount\":0,\"publisher\":{\"@id\":\"https:\\\/\\\/l21.mx\\\/#organization\"},\"image\":{\"@id\":\"https:\\\/\\\/l21.mx\\\/?p=21726#primaryimage\"},\"thumbnailUrl\":\"https:\\\/\\\/l21.mx\\\/wp-content\\\/uploads\\\/2016\\\/11\\\/palafitos.jpg\",\"articleSection\":[\"Empresas y Negocios\"],\"inLanguage\":\"es\",\"potentialAction\":[{\"@type\":\"CommentAction\",\"name\":\"Comment\",\"target\":[\"https:\\\/\\\/l21.mx\\\/?p=21726#respond\"]}]},{\"@type\":\"WebPage\",\"@id\":\"https:\\\/\\\/l21.mx\\\/?p=21726\",\"url\":\"https:\\\/\\\/l21.mx\\\/?p=21726\",\"name\":\"\u00a1Palafitos a la vista! | Revista Latitud 21\",\"isPartOf\":{\"@id\":\"https:\\\/\\\/l21.mx\\\/#website\"},\"primaryImageOfPage\":{\"@id\":\"https:\\\/\\\/l21.mx\\\/?p=21726#primaryimage\"},\"image\":{\"@id\":\"https:\\\/\\\/l21.mx\\\/?p=21726#primaryimage\"},\"thumbnailUrl\":\"https:\\\/\\\/l21.mx\\\/wp-content\\\/uploads\\\/2016\\\/11\\\/palafitos.jpg\",\"datePublished\":\"2016-11-02T01:34:59+00:00\",\"dateModified\":\"2016-12-01T15:23:40+00:00\",\"description\":\"L21, Emprendedores y Negocios en el Caribe Mexicano, es la revista l\u00edder entre el Sector Empresarial y Tur\u00edstico del Caribe Mexicano.\",\"breadcrumb\":{\"@id\":\"https:\\\/\\\/l21.mx\\\/?p=21726#breadcrumb\"},\"inLanguage\":\"es\",\"potentialAction\":[{\"@type\":\"ReadAction\",\"target\":[\"https:\\\/\\\/l21.mx\\\/?p=21726\"]}]},{\"@type\":\"ImageObject\",\"inLanguage\":\"es\",\"@id\":\"https:\\\/\\\/l21.mx\\\/?p=21726#primaryimage\",\"url\":\"https:\\\/\\\/l21.mx\\\/wp-content\\\/uploads\\\/2016\\\/11\\\/palafitos.jpg\",\"contentUrl\":\"https:\\\/\\\/l21.mx\\\/wp-content\\\/uploads\\\/2016\\\/11\\\/palafitos.jpg\",\"width\":682,\"height\":310},{\"@type\":\"BreadcrumbList\",\"@id\":\"https:\\\/\\\/l21.mx\\\/?p=21726#breadcrumb\",\"itemListElement\":[{\"@type\":\"ListItem\",\"position\":1,\"name\":\"Portada\",\"item\":\"https:\\\/\\\/l21.mx\\\/\"},{\"@type\":\"ListItem\",\"position\":2,\"name\":\"\u00a1Palafitos a la vista!\"}]},{\"@type\":\"WebSite\",\"@id\":\"https:\\\/\\\/l21.mx\\\/#website\",\"url\":\"https:\\\/\\\/l21.mx\\\/\",\"name\":\"Revista Latitud 21\",\"description\":\"Emprendedores  y negocios en el Caribe Mexicano\",\"publisher\":{\"@id\":\"https:\\\/\\\/l21.mx\\\/#organization\"},\"potentialAction\":[{\"@type\":\"SearchAction\",\"target\":{\"@type\":\"EntryPoint\",\"urlTemplate\":\"https:\\\/\\\/l21.mx\\\/?s={search_term_string}\"},\"query-input\":{\"@type\":\"PropertyValueSpecification\",\"valueRequired\":true,\"valueName\":\"search_term_string\"}}],\"inLanguage\":\"es\"},{\"@type\":\"Organization\",\"@id\":\"https:\\\/\\\/l21.mx\\\/#organization\",\"name\":\"Grupo Editorial Latitud 21 SA de CV\",\"url\":\"https:\\\/\\\/l21.mx\\\/\",\"logo\":{\"@type\":\"ImageObject\",\"inLanguage\":\"es\",\"@id\":\"https:\\\/\\\/l21.mx\\\/#\\\/schema\\\/logo\\\/image\\\/\",\"url\":\"https:\\\/\\\/l21.mx\\\/wp-content\\\/uploads\\\/2020\\\/10\\\/logo-l21-baja.jpg\",\"contentUrl\":\"https:\\\/\\\/l21.mx\\\/wp-content\\\/uploads\\\/2020\\\/10\\\/logo-l21-baja.jpg\",\"width\":250,\"height\":250,\"caption\":\"Grupo Editorial Latitud 21 SA de CV\"},\"image\":{\"@id\":\"https:\\\/\\\/l21.mx\\\/#\\\/schema\\\/logo\\\/image\\\/\"},\"sameAs\":[\"https:\\\/\\\/www.facebook.com\\\/RevistaLatitud21\\\/\",\"https:\\\/\\\/x.com\\\/Latitud21mx\"]},{\"@type\":\"Person\",\"@id\":\"https:\\\/\\\/l21.mx\\\/#\\\/schema\\\/person\\\/4b571cc212089f95579f3b66253728f1\",\"name\":\"Latitud21 Redacci\u00f3n\",\"url\":\"https:\\\/\\\/l21.mx\\\/?author=2\"}]}<\/script>\n<!-- \/ Yoast SEO plugin. -->","yoast_head_json":{"title":"\u00a1Palafitos a la vista! | Revista Latitud 21","description":"L21, Emprendedores y Negocios en el Caribe Mexicano, es la revista l\u00edder entre el Sector Empresarial y Tur\u00edstico del Caribe Mexicano.","robots":{"index":"index","follow":"follow","max-snippet":"max-snippet:-1","max-image-preview":"max-image-preview:large","max-video-preview":"max-video-preview:-1"},"canonical":"https:\/\/l21.mx\/?p=21726","twitter_card":"summary_large_image","twitter_title":"\u00a1Palafitos a la vista! | Revista Latitud 21","twitter_description":"L21, Emprendedores y Negocios en el Caribe Mexicano, es la revista l\u00edder entre el Sector Empresarial y Tur\u00edstico del Caribe Mexicano.","twitter_image":"https:\/\/l21.mx\/wp-content\/uploads\/2016\/11\/palafitos.jpg","twitter_creator":"@Latitud21mx","twitter_site":"@Latitud21mx","twitter_misc":{"Escrito por":"Latitud21 Redacci\u00f3n","Tiempo de lectura":"2 minutos"},"schema":{"@context":"https:\/\/schema.org","@graph":[{"@type":"Article","@id":"https:\/\/l21.mx\/?p=21726#article","isPartOf":{"@id":"https:\/\/l21.mx\/?p=21726"},"author":{"name":"Latitud21 Redacci\u00f3n","@id":"https:\/\/l21.mx\/#\/schema\/person\/4b571cc212089f95579f3b66253728f1"},"headline":"\u00a1Palafitos a la vista!","datePublished":"2016-11-02T01:34:59+00:00","dateModified":"2016-12-01T15:23:40+00:00","mainEntityOfPage":{"@id":"https:\/\/l21.mx\/?p=21726"},"wordCount":412,"commentCount":0,"publisher":{"@id":"https:\/\/l21.mx\/#organization"},"image":{"@id":"https:\/\/l21.mx\/?p=21726#primaryimage"},"thumbnailUrl":"https:\/\/l21.mx\/wp-content\/uploads\/2016\/11\/palafitos.jpg","articleSection":["Empresas y Negocios"],"inLanguage":"es","potentialAction":[{"@type":"CommentAction","name":"Comment","target":["https:\/\/l21.mx\/?p=21726#respond"]}]},{"@type":"WebPage","@id":"https:\/\/l21.mx\/?p=21726","url":"https:\/\/l21.mx\/?p=21726","name":"\u00a1Palafitos a la vista! | Revista Latitud 21","isPartOf":{"@id":"https:\/\/l21.mx\/#website"},"primaryImageOfPage":{"@id":"https:\/\/l21.mx\/?p=21726#primaryimage"},"image":{"@id":"https:\/\/l21.mx\/?p=21726#primaryimage"},"thumbnailUrl":"https:\/\/l21.mx\/wp-content\/uploads\/2016\/11\/palafitos.jpg","datePublished":"2016-11-02T01:34:59+00:00","dateModified":"2016-12-01T15:23:40+00:00","description":"L21, Emprendedores y Negocios en el Caribe Mexicano, es la revista l\u00edder entre el Sector Empresarial y Tur\u00edstico del Caribe Mexicano.","breadcrumb":{"@id":"https:\/\/l21.mx\/?p=21726#breadcrumb"},"inLanguage":"es","potentialAction":[{"@type":"ReadAction","target":["https:\/\/l21.mx\/?p=21726"]}]},{"@type":"ImageObject","inLanguage":"es","@id":"https:\/\/l21.mx\/?p=21726#primaryimage","url":"https:\/\/l21.mx\/wp-content\/uploads\/2016\/11\/palafitos.jpg","contentUrl":"https:\/\/l21.mx\/wp-content\/uploads\/2016\/11\/palafitos.jpg","width":682,"height":310},{"@type":"BreadcrumbList","@id":"https:\/\/l21.mx\/?p=21726#breadcrumb","itemListElement":[{"@type":"ListItem","position":1,"name":"Portada","item":"https:\/\/l21.mx\/"},{"@type":"ListItem","position":2,"name":"\u00a1Palafitos a la vista!"}]},{"@type":"WebSite","@id":"https:\/\/l21.mx\/#website","url":"https:\/\/l21.mx\/","name":"Revista Latitud 21","description":"Emprendedores  y negocios en el Caribe Mexicano","publisher":{"@id":"https:\/\/l21.mx\/#organization"},"potentialAction":[{"@type":"SearchAction","target":{"@type":"EntryPoint","urlTemplate":"https:\/\/l21.mx\/?s={search_term_string}"},"query-input":{"@type":"PropertyValueSpecification","valueRequired":true,"valueName":"search_term_string"}}],"inLanguage":"es"},{"@type":"Organization","@id":"https:\/\/l21.mx\/#organization","name":"Grupo Editorial Latitud 21 SA de CV","url":"https:\/\/l21.mx\/","logo":{"@type":"ImageObject","inLanguage":"es","@id":"https:\/\/l21.mx\/#\/schema\/logo\/image\/","url":"https:\/\/l21.mx\/wp-content\/uploads\/2020\/10\/logo-l21-baja.jpg","contentUrl":"https:\/\/l21.mx\/wp-content\/uploads\/2020\/10\/logo-l21-baja.jpg","width":250,"height":250,"caption":"Grupo Editorial Latitud 21 SA de CV"},"image":{"@id":"https:\/\/l21.mx\/#\/schema\/logo\/image\/"},"sameAs":["https:\/\/www.facebook.com\/RevistaLatitud21\/","https:\/\/x.com\/Latitud21mx"]},{"@type":"Person","@id":"https:\/\/l21.mx\/#\/schema\/person\/4b571cc212089f95579f3b66253728f1","name":"Latitud21 Redacci\u00f3n","url":"https:\/\/l21.mx\/?author=2"}]}},"amp_enabled":true,"_links":{"self":[{"href":"https:\/\/l21.mx\/index.php?rest_route=\/wp\/v2\/posts\/21726","targetHints":{"allow":["GET"]}}],"collection":[{"href":"https:\/\/l21.mx\/index.php?rest_route=\/wp\/v2\/posts"}],"about":[{"href":"https:\/\/l21.mx\/index.php?rest_route=\/wp\/v2\/types\/post"}],"author":[{"embeddable":true,"href":"https:\/\/l21.mx\/index.php?rest_route=\/wp\/v2\/users\/2"}],"replies":[{"embeddable":true,"href":"https:\/\/l21.mx\/index.php?rest_route=%2Fwp%2Fv2%2Fcomments&post=21726"}],"version-history":[{"count":0,"href":"https:\/\/l21.mx\/index.php?rest_route=\/wp\/v2\/posts\/21726\/revisions"}],"wp:featuredmedia":[{"embeddable":true,"href":"https:\/\/l21.mx\/index.php?rest_route=\/wp\/v2\/media\/21731"}],"wp:attachment":[{"href":"https:\/\/l21.mx\/index.php?rest_route=%2Fwp%2Fv2%2Fmedia&parent=21726"}],"wp:term":[{"taxonomy":"category","embeddable":true,"href":"https:\/\/l21.mx\/index.php?rest_route=%2Fwp%2Fv2%2Fcategories&post=21726"},{"taxonomy":"post_tag","embeddable":true,"href":"https:\/\/l21.mx\/index.php?rest_route=%2Fwp%2Fv2%2Ftags&post=21726"}],"curies":[{"name":"wp","href":"https:\/\/api.w.org\/{rel}","templated":true}]}}