{"id":21899,"date":"2016-11-03T12:23:54","date_gmt":"2016-11-03T18:23:54","guid":{"rendered":"http:\/\/innovatori.space\/lat21\/?p=21899"},"modified":"2016-11-03T12:23:54","modified_gmt":"2016-11-03T18:23:54","slug":"san-francisco-se-moderniza","status":"publish","type":"post","link":"https:\/\/l21.mx\/?p=21899","title":{"rendered":"San Francisco se moderniza"},"content":{"rendered":"<p><em><a href=\"http:\/\/l21.mx\/wp-content\/uploads\/2016\/11\/San-Francisco-se-moderniza.jpg\" data-rel=\"penci-gallery-image-content\" ><img fetchpriority=\"high\" decoding=\"async\" class=\"alignleft size-medium wp-image-21901\" title=\"San-Francisco-se-moderniza\" src=\"http:\/\/l21.mx\/wp-content\/uploads\/2016\/11\/San-Francisco-se-moderniza-300x224.jpg\" alt=\"\" width=\"300\" height=\"224\" \/><\/a>\u00a1L\u2019eekel!<\/em><\/p>\n<p>Con 35 a\u00f1os en el mercado, S\u00faper San Francisco de As\u00eds, empresa regional de supermercados en la Pen\u00ednsula de Yucat\u00e1n, seleccion\u00f3 a JDA Software Group para apoyar el crecimiento y optimizar los procesos de planeaci\u00f3n de esta cadena de autoservicio con presencia en Yucat\u00e1n, Quintana Roo y Campeche.<\/p>\n<p>A trav\u00e9s de sus filiales JDA Demand, JDA Fulfillment, JDA Strategic Pricing y JDA Space Planning, JDA ayudar\u00e1 a la cadena de supermercados a administrar las estrategias de la empresa mexicana que le permitan un mejor desempe\u00f1o y responder de forma mucho m\u00e1s r\u00e1pida a los cambios de precio de los competidores, as\u00ed como a definir un plan de resurtido \u00f3ptimo y distribuir el inventario con precisi\u00f3n.<\/p>\n<p>Alejandro Joubert, director comercial de S\u00faper San Francisco de As\u00eds, destac\u00f3 que \u201cseleccionamos a JDA para satisfacer nuestras necesidades de planeaci\u00f3n de la demanda, resurtido y administraci\u00f3n estrat\u00e9gica de precios convencidos de su profesionalismo, la vasta experiencia en Latinoam\u00e9rica y el amplio portafolio de soluciones con el que cuentan para atender los principales retos de la cadena de suministro\u201d.<\/p>\n<div><\/div>\n","protected":false},"excerpt":{"rendered":"<p>\u00a1L\u2019eekel! Con 35 a\u00f1os en el mercado, S\u00faper San Francisco de As\u00eds, empresa regional de supermercados&hellip;<\/p>\n","protected":false},"author":2,"featured_media":21901,"comment_status":"open","ping_status":"open","sticky":false,"template":"","format":"standard","meta":{"_acf_changed":false,"_lmt_disableupdate":"","_lmt_disable":"","_mbp_gutenberg_autopost":false,"footnotes":""},"categories":[223],"tags":[],"class_list":["post-21899","post","type-post","status-publish","format-standard","has-post-thumbnail","hentry","category-meridiano-87"],"acf":[],"_links":{"self":[{"href":"https:\/\/l21.mx\/index.php?rest_route=\/wp\/v2\/posts\/21899","targetHints":{"allow":["GET"]}}],"collection":[{"href":"https:\/\/l21.mx\/index.php?rest_route=\/wp\/v2\/posts"}],"about":[{"href":"https:\/\/l21.mx\/index.php?rest_route=\/wp\/v2\/types\/post"}],"author":[{"embeddable":true,"href":"https:\/\/l21.mx\/index.php?rest_route=\/wp\/v2\/users\/2"}],"replies":[{"embeddable":true,"href":"https:\/\/l21.mx\/index.php?rest_route=%2Fwp%2Fv2%2Fcomments&post=21899"}],"version-history":[{"count":0,"href":"https:\/\/l21.mx\/index.php?rest_route=\/wp\/v2\/posts\/21899\/revisions"}],"wp:featuredmedia":[{"embeddable":true,"href":"https:\/\/l21.mx\/index.php?rest_route=\/wp\/v2\/media\/21901"}],"wp:attachment":[{"href":"https:\/\/l21.mx\/index.php?rest_route=%2Fwp%2Fv2%2Fmedia&parent=21899"}],"wp:term":[{"taxonomy":"category","embeddable":true,"href":"https:\/\/l21.mx\/index.php?rest_route=%2Fwp%2Fv2%2Fcategories&post=21899"},{"taxonomy":"post_tag","embeddable":true,"href":"https:\/\/l21.mx\/index.php?rest_route=%2Fwp%2Fv2%2Ftags&post=21899"}],"curies":[{"name":"wp","href":"https:\/\/api.w.org\/{rel}","templated":true}]}}