{"id":21903,"date":"2016-11-03T12:31:53","date_gmt":"2016-11-03T18:31:53","guid":{"rendered":"http:\/\/innovatori.space\/lat21\/?p=21903"},"modified":"2016-11-03T12:31:53","modified_gmt":"2016-11-03T18:31:53","slug":"robusta-inversion","status":"publish","type":"post","link":"https:\/\/l21.mx\/?p=21903","title":{"rendered":"Robusta inversi\u00f3n"},"content":{"rendered":"<p><em><a href=\"http:\/\/l21.mx\/wp-content\/uploads\/2016\/11\/robusta-inversion.jpg\" data-rel=\"penci-gallery-image-content\" ><img fetchpriority=\"high\" decoding=\"async\" class=\"alignleft size-medium wp-image-21905\" title=\"robusta-inversion\" src=\"http:\/\/l21.mx\/wp-content\/uploads\/2016\/11\/robusta-inversion-300x192.jpg\" alt=\"\" width=\"300\" height=\"192\" srcset=\"https:\/\/l21.mx\/wp-content\/uploads\/2016\/11\/robusta-inversion-300x192.jpg 300w, https:\/\/l21.mx\/wp-content\/uploads\/2016\/11\/robusta-inversion-1024x655.jpg 1024w, https:\/\/l21.mx\/wp-content\/uploads\/2016\/11\/robusta-inversion-768x492.jpg 768w, https:\/\/l21.mx\/wp-content\/uploads\/2016\/11\/robusta-inversion-1170x749.jpg 1170w, https:\/\/l21.mx\/wp-content\/uploads\/2016\/11\/robusta-inversion-585x374.jpg 585w, https:\/\/l21.mx\/wp-content\/uploads\/2016\/11\/robusta-inversion.jpg 1200w\" sizes=\"(max-width: 300px) 100vw, 300px\" \/><\/a>\u00a1Xux!<\/em><\/p>\n<p>Con un avance del 40% en su edificaci\u00f3n, Inmobilia Desarrollos y Thor Urbana invertir\u00e1n ocho mil 500 millones de pesos en la construcci\u00f3n del desarrollo inmobiliario V\u00eda Montejo, para convertir al sureste mexicano en uno de los destinos tur\u00edsticos, residenciales y de negocios m\u00e1s importantes de la regi\u00f3n.<\/p>\n<p>Enclavado en una de las zonas m\u00e1s exclusivas de la ciudad, V\u00eda Montejo tendr\u00e1 m\u00e1s de 600 mil metros cuadrados de construcci\u00f3n y contar\u00e1 con un <em>mall <\/em>de Thor Urbana, edificios de oficinas y tres torres con 800 departamentos de 120 metros cuadrados, los cuales registran un 60% de ocupaci\u00f3n en su preventa.<\/p>\n<p>Alejandro Abeij\u00f3n, CMO de Thor Urbana Capital, destac\u00f3 que la apertura del desarrollo al p\u00fablico podr\u00eda ser en el primer trimestre de 2018, en tanto que la operaci\u00f3n de los comercios ser\u00eda a finales de 2017. \u201cVamos a traer marcas como Forever 21, que anteriormente no ten\u00eda presencia en la regi\u00f3n\u201d.<\/p>\n<p>El proyecto generar\u00e1 10 mil empleos durante la fase de construcci\u00f3n y una vez que inicie operaciones se prev\u00e9 generar tres mil plazas m\u00e1s.<\/p>\n<div><\/div>\n","protected":false},"excerpt":{"rendered":"<p>\u00a1Xux! Con un avance del 40% en su edificaci\u00f3n, Inmobilia Desarrollos y Thor Urbana invertir\u00e1n ocho&hellip;<\/p>\n","protected":false},"author":2,"featured_media":21905,"comment_status":"open","ping_status":"open","sticky":false,"template":"","format":"standard","meta":{"_acf_changed":false,"_lmt_disableupdate":"","_lmt_disable":"","_mbp_gutenberg_autopost":false,"footnotes":""},"categories":[223],"tags":[],"class_list":["post-21903","post","type-post","status-publish","format-standard","has-post-thumbnail","hentry","category-meridiano-87"],"acf":[],"_links":{"self":[{"href":"https:\/\/l21.mx\/index.php?rest_route=\/wp\/v2\/posts\/21903","targetHints":{"allow":["GET"]}}],"collection":[{"href":"https:\/\/l21.mx\/index.php?rest_route=\/wp\/v2\/posts"}],"about":[{"href":"https:\/\/l21.mx\/index.php?rest_route=\/wp\/v2\/types\/post"}],"author":[{"embeddable":true,"href":"https:\/\/l21.mx\/index.php?rest_route=\/wp\/v2\/users\/2"}],"replies":[{"embeddable":true,"href":"https:\/\/l21.mx\/index.php?rest_route=%2Fwp%2Fv2%2Fcomments&post=21903"}],"version-history":[{"count":0,"href":"https:\/\/l21.mx\/index.php?rest_route=\/wp\/v2\/posts\/21903\/revisions"}],"wp:featuredmedia":[{"embeddable":true,"href":"https:\/\/l21.mx\/index.php?rest_route=\/wp\/v2\/media\/21905"}],"wp:attachment":[{"href":"https:\/\/l21.mx\/index.php?rest_route=%2Fwp%2Fv2%2Fmedia&parent=21903"}],"wp:term":[{"taxonomy":"category","embeddable":true,"href":"https:\/\/l21.mx\/index.php?rest_route=%2Fwp%2Fv2%2Fcategories&post=21903"},{"taxonomy":"post_tag","embeddable":true,"href":"https:\/\/l21.mx\/index.php?rest_route=%2Fwp%2Fv2%2Ftags&post=21903"}],"curies":[{"name":"wp","href":"https:\/\/api.w.org\/{rel}","templated":true}]}}