{"id":21924,"date":"2016-11-04T14:54:46","date_gmt":"2016-11-04T20:54:46","guid":{"rendered":"http:\/\/innovatori.space\/lat21\/?p=21924"},"modified":"2016-11-04T14:54:46","modified_gmt":"2016-11-04T20:54:46","slug":"luis-alberto-perez-quintero-gana-concurso-peninsular-de-la-asociacion-de-sommeliers-mexicanos","status":"publish","type":"post","link":"https:\/\/l21.mx\/?p=21924","title":{"rendered":"Luis Alberto P\u00e9rez Quintero gana concurso peninsular de la Asociaci\u00f3n de Sommeliers Mexicanos"},"content":{"rendered":"<blockquote>\n<p align=\"center\"><a href=\"http:\/\/l21.mx\/wp-content\/uploads\/2016\/11\/Luis-Alberto-P\u00e9rez-Quintero.jpg\" data-rel=\"penci-gallery-image-content\" ><img fetchpriority=\"high\" decoding=\"async\" class=\"alignleft size-large wp-image-21927\" title=\"Luis-Alberto-P\u00e9rez-Quintero\" src=\"http:\/\/l21.mx\/wp-content\/uploads\/2016\/11\/Luis-Alberto-P\u00e9rez-Quintero-677x1024.jpg\" alt=\"\" width=\"677\" height=\"1024\" srcset=\"https:\/\/l21.mx\/wp-content\/uploads\/2016\/11\/Luis-Alberto-P\u00e9rez-Quintero-677x1024.jpg 677w, https:\/\/l21.mx\/wp-content\/uploads\/2016\/11\/Luis-Alberto-P\u00e9rez-Quintero-198x300.jpg 198w, https:\/\/l21.mx\/wp-content\/uploads\/2016\/11\/Luis-Alberto-P\u00e9rez-Quintero-768x1162.jpg 768w, https:\/\/l21.mx\/wp-content\/uploads\/2016\/11\/Luis-Alberto-P\u00e9rez-Quintero-585x885.jpg 585w, https:\/\/l21.mx\/wp-content\/uploads\/2016\/11\/Luis-Alberto-P\u00e9rez-Quintero.jpg 1005w\" sizes=\"(max-width: 677px) 100vw, 677px\" \/><\/a><strong style=\"font-style: italic;\"><em>*El ganador participar\u00e1 en la Gran Final nacional, \u00a0el 7 de noviembre pr\u00f3ximo, en la Ciudad de M\u00e9xico, con un primer premio consistente en un viaje todo pagado a las zonas vitivin\u00edcolas m\u00e1s famosas de Francia y Argentina<\/em><\/strong><\/p>\n<\/blockquote>\n<div>\n<div>\n<p>\u00a0El sommelier cancunense Luis Alberto P\u00e9rez Quintero result\u00f3 ganador de la semifinal peninsular del Concurso Nacional de Sommeliers Jr. 2016,\u00a0 organizado por la Asociaci\u00f3n de Sommeliers Mexicanos (ASM) y la participaci\u00f3n los mejores profesionales de Quintana Roo y Yucat\u00e1n.<\/p>\n<\/div>\n<div>\n<p>El ganador del certamen tendr\u00e1 la oportunidad de participar en forma directa en la Gran Final de la competencia nacional, a celebrarse el 7 de noviembre pr\u00f3ximo en el hotel Live Aqua, de la Ciudad de M\u00e9xico, evento que otorgar\u00e1 al primer lugar un viaje todo pagado a la regi\u00f3n vitivin\u00edcola de Champagne, Francia, patrocinado por Mo\u00ebt &amp; Chandon y a Mendoza, Argentina, cortes\u00eda de Wines of Argentina.<\/p>\n<\/div>\n<div>\n<p>El Presidente de la Asociaci\u00f3n de Sommeliers Mexicanos, Marcos Flores Tlalpan destac\u00f3 que el concurso peninsular cumpli\u00f3 con el objetivo de promover a los nuevos talentos e impulsar la cultura del vino en forma honesta, profesional y sencilla.<\/p>\n<\/div>\n<div>\n<p>Javier Toledo y Abraham Caamal ocuparon el segundo y tercer lugar respectivamente de este certamen que reuni\u00f3 a 11 participantes de M\u00e9rida y Canc\u00fan, quienes tuvieron que enfrentarse a cuatro pruebas de conocimientos y habilidades.<\/p>\n<\/div>\n<div>\n<p>\u201cCada botella encierra una historia, cont\u00e1rsela al mundo es nuestra labor\u201d, se\u00f1ala el ganador del concurso regional, quien tendr\u00e1 que competir en la Gran Final con 25 de los mejores sommeliers juniors de M\u00e9xico.<\/p>\n<\/div>\n<div>\n<p>La Asociaci\u00f3n de Sommeliers Mexicanos ofrece diplomados en vinos y bebidas destiladas e infusiones para quienes deseen convertirse en Sommeliers Nivel I, a trav\u00e9s de su \u00f3rgano educativo la Academia Mexicana de Sommeliers, lo que incluye conocimientos sobre cocteler\u00eda, caf\u00e9, t\u00e9, puros, quesos, jamones, gastronom\u00eda b\u00e1sica e historia sobre las m\u00e1s importantes zonas vitivin\u00edcolas en el mundo.<\/p>\n<\/div>\n<\/div>\n","protected":false},"excerpt":{"rendered":"<p>*El ganador participar\u00e1 en la Gran Final nacional, \u00a0el 7 de noviembre pr\u00f3ximo, en la Ciudad&hellip;<\/p>\n","protected":false},"author":2,"featured_media":21927,"comment_status":"open","ping_status":"open","sticky":false,"template":"","format":"standard","meta":{"_acf_changed":false,"_lmt_disableupdate":"","_lmt_disable":"","_mbp_gutenberg_autopost":false,"footnotes":""},"categories":[23,8],"tags":[],"class_list":["post-21924","post","type-post","status-publish","format-standard","has-post-thumbnail","hentry","category-noticias","category-turismo"],"acf":[],"yoast_head":"<!-- This site is optimized with the Yoast SEO plugin v27.5 - https:\/\/yoast.com\/product\/yoast-seo-wordpress\/ -->\n<title>Luis Alberto P\u00e9rez Quintero gana concurso peninsular de la Asociaci\u00f3n de Sommeliers Mexicanos | Revista Latitud 21<\/title>\n<meta name=\"description\" content=\"L21, Emprendedores y Negocios en el Caribe Mexicano, es la revista l\u00edder entre el Sector Empresarial y Tur\u00edstico del Caribe Mexicano.\" \/>\n<meta name=\"robots\" content=\"index, follow, max-snippet:-1, max-image-preview:large, max-video-preview:-1\" \/>\n<link rel=\"canonical\" href=\"https:\/\/l21.mx\/?p=21924\" \/>\n<meta name=\"twitter:card\" content=\"summary_large_image\" \/>\n<meta name=\"twitter:title\" content=\"Luis Alberto P\u00e9rez Quintero gana concurso peninsular de la Asociaci\u00f3n de Sommeliers Mexicanos | Revista Latitud 21\" \/>\n<meta name=\"twitter:description\" content=\"L21, Emprendedores y Negocios en el Caribe Mexicano, es la revista l\u00edder entre el Sector Empresarial y Tur\u00edstico del Caribe Mexicano.\" \/>\n<meta name=\"twitter:image\" content=\"https:\/\/l21.mx\/wp-content\/uploads\/2016\/11\/Luis-Alberto-P\u00e9rez-Quintero.jpg\" \/>\n<meta name=\"twitter:creator\" content=\"@Latitud21mx\" \/>\n<meta name=\"twitter:site\" content=\"@Latitud21mx\" \/>\n<meta name=\"twitter:label1\" content=\"Escrito por\" \/>\n\t<meta name=\"twitter:data1\" content=\"Latitud21 Redacci\u00f3n\" \/>\n\t<meta name=\"twitter:label2\" content=\"Tiempo de lectura\" \/>\n\t<meta name=\"twitter:data2\" content=\"2 minutos\" \/>\n<script type=\"application\/ld+json\" class=\"yoast-schema-graph\">{\"@context\":\"https:\\\/\\\/schema.org\",\"@graph\":[{\"@type\":\"Article\",\"@id\":\"https:\\\/\\\/l21.mx\\\/?p=21924#article\",\"isPartOf\":{\"@id\":\"https:\\\/\\\/l21.mx\\\/?p=21924\"},\"author\":{\"name\":\"Latitud21 Redacci\u00f3n\",\"@id\":\"https:\\\/\\\/l21.mx\\\/#\\\/schema\\\/person\\\/4b571cc212089f95579f3b66253728f1\"},\"headline\":\"Luis Alberto P\u00e9rez Quintero gana concurso peninsular de la Asociaci\u00f3n de Sommeliers Mexicanos\",\"datePublished\":\"2016-11-04T20:54:46+00:00\",\"mainEntityOfPage\":{\"@id\":\"https:\\\/\\\/l21.mx\\\/?p=21924\"},\"wordCount\":346,\"commentCount\":0,\"publisher\":{\"@id\":\"https:\\\/\\\/l21.mx\\\/#organization\"},\"image\":{\"@id\":\"https:\\\/\\\/l21.mx\\\/?p=21924#primaryimage\"},\"thumbnailUrl\":\"https:\\\/\\\/l21.mx\\\/wp-content\\\/uploads\\\/2016\\\/11\\\/Luis-Alberto-P\u00e9rez-Quintero.jpg\",\"articleSection\":[\"Noticias\",\"Turismo\"],\"inLanguage\":\"es\",\"potentialAction\":[{\"@type\":\"CommentAction\",\"name\":\"Comment\",\"target\":[\"https:\\\/\\\/l21.mx\\\/?p=21924#respond\"]}]},{\"@type\":\"WebPage\",\"@id\":\"https:\\\/\\\/l21.mx\\\/?p=21924\",\"url\":\"https:\\\/\\\/l21.mx\\\/?p=21924\",\"name\":\"Luis Alberto P\u00e9rez Quintero gana concurso peninsular de la Asociaci\u00f3n de Sommeliers Mexicanos | Revista Latitud 21\",\"isPartOf\":{\"@id\":\"https:\\\/\\\/l21.mx\\\/#website\"},\"primaryImageOfPage\":{\"@id\":\"https:\\\/\\\/l21.mx\\\/?p=21924#primaryimage\"},\"image\":{\"@id\":\"https:\\\/\\\/l21.mx\\\/?p=21924#primaryimage\"},\"thumbnailUrl\":\"https:\\\/\\\/l21.mx\\\/wp-content\\\/uploads\\\/2016\\\/11\\\/Luis-Alberto-P\u00e9rez-Quintero.jpg\",\"datePublished\":\"2016-11-04T20:54:46+00:00\",\"description\":\"L21, Emprendedores y Negocios en el Caribe Mexicano, es la revista l\u00edder entre el Sector Empresarial y Tur\u00edstico del Caribe Mexicano.\",\"breadcrumb\":{\"@id\":\"https:\\\/\\\/l21.mx\\\/?p=21924#breadcrumb\"},\"inLanguage\":\"es\",\"potentialAction\":[{\"@type\":\"ReadAction\",\"target\":[\"https:\\\/\\\/l21.mx\\\/?p=21924\"]}]},{\"@type\":\"ImageObject\",\"inLanguage\":\"es\",\"@id\":\"https:\\\/\\\/l21.mx\\\/?p=21924#primaryimage\",\"url\":\"https:\\\/\\\/l21.mx\\\/wp-content\\\/uploads\\\/2016\\\/11\\\/Luis-Alberto-P\u00e9rez-Quintero.jpg\",\"contentUrl\":\"https:\\\/\\\/l21.mx\\\/wp-content\\\/uploads\\\/2016\\\/11\\\/Luis-Alberto-P\u00e9rez-Quintero.jpg\",\"width\":1005,\"height\":1520},{\"@type\":\"BreadcrumbList\",\"@id\":\"https:\\\/\\\/l21.mx\\\/?p=21924#breadcrumb\",\"itemListElement\":[{\"@type\":\"ListItem\",\"position\":1,\"name\":\"Portada\",\"item\":\"https:\\\/\\\/l21.mx\\\/\"},{\"@type\":\"ListItem\",\"position\":2,\"name\":\"Luis Alberto P\u00e9rez Quintero gana concurso peninsular de la Asociaci\u00f3n de Sommeliers Mexicanos\"}]},{\"@type\":\"WebSite\",\"@id\":\"https:\\\/\\\/l21.mx\\\/#website\",\"url\":\"https:\\\/\\\/l21.mx\\\/\",\"name\":\"Revista Latitud 21\",\"description\":\"Emprendedores  y negocios en el Caribe Mexicano\",\"publisher\":{\"@id\":\"https:\\\/\\\/l21.mx\\\/#organization\"},\"potentialAction\":[{\"@type\":\"SearchAction\",\"target\":{\"@type\":\"EntryPoint\",\"urlTemplate\":\"https:\\\/\\\/l21.mx\\\/?s={search_term_string}\"},\"query-input\":{\"@type\":\"PropertyValueSpecification\",\"valueRequired\":true,\"valueName\":\"search_term_string\"}}],\"inLanguage\":\"es\"},{\"@type\":\"Organization\",\"@id\":\"https:\\\/\\\/l21.mx\\\/#organization\",\"name\":\"Grupo Editorial Latitud 21 SA de CV\",\"url\":\"https:\\\/\\\/l21.mx\\\/\",\"logo\":{\"@type\":\"ImageObject\",\"inLanguage\":\"es\",\"@id\":\"https:\\\/\\\/l21.mx\\\/#\\\/schema\\\/logo\\\/image\\\/\",\"url\":\"https:\\\/\\\/l21.mx\\\/wp-content\\\/uploads\\\/2020\\\/10\\\/logo-l21-baja.jpg\",\"contentUrl\":\"https:\\\/\\\/l21.mx\\\/wp-content\\\/uploads\\\/2020\\\/10\\\/logo-l21-baja.jpg\",\"width\":250,\"height\":250,\"caption\":\"Grupo Editorial Latitud 21 SA de CV\"},\"image\":{\"@id\":\"https:\\\/\\\/l21.mx\\\/#\\\/schema\\\/logo\\\/image\\\/\"},\"sameAs\":[\"https:\\\/\\\/www.facebook.com\\\/RevistaLatitud21\\\/\",\"https:\\\/\\\/x.com\\\/Latitud21mx\"]},{\"@type\":\"Person\",\"@id\":\"https:\\\/\\\/l21.mx\\\/#\\\/schema\\\/person\\\/4b571cc212089f95579f3b66253728f1\",\"name\":\"Latitud21 Redacci\u00f3n\",\"url\":\"https:\\\/\\\/l21.mx\\\/?author=2\"}]}<\/script>\n<!-- \/ Yoast SEO plugin. -->","yoast_head_json":{"title":"Luis Alberto P\u00e9rez Quintero gana concurso peninsular de la Asociaci\u00f3n de Sommeliers Mexicanos | Revista Latitud 21","description":"L21, Emprendedores y Negocios en el Caribe Mexicano, es la revista l\u00edder entre el Sector Empresarial y Tur\u00edstico del Caribe Mexicano.","robots":{"index":"index","follow":"follow","max-snippet":"max-snippet:-1","max-image-preview":"max-image-preview:large","max-video-preview":"max-video-preview:-1"},"canonical":"https:\/\/l21.mx\/?p=21924","twitter_card":"summary_large_image","twitter_title":"Luis Alberto P\u00e9rez Quintero gana concurso peninsular de la Asociaci\u00f3n de Sommeliers Mexicanos | Revista Latitud 21","twitter_description":"L21, Emprendedores y Negocios en el Caribe Mexicano, es la revista l\u00edder entre el Sector Empresarial y Tur\u00edstico del Caribe Mexicano.","twitter_image":"https:\/\/l21.mx\/wp-content\/uploads\/2016\/11\/Luis-Alberto-P\u00e9rez-Quintero.jpg","twitter_creator":"@Latitud21mx","twitter_site":"@Latitud21mx","twitter_misc":{"Escrito por":"Latitud21 Redacci\u00f3n","Tiempo de lectura":"2 minutos"},"schema":{"@context":"https:\/\/schema.org","@graph":[{"@type":"Article","@id":"https:\/\/l21.mx\/?p=21924#article","isPartOf":{"@id":"https:\/\/l21.mx\/?p=21924"},"author":{"name":"Latitud21 Redacci\u00f3n","@id":"https:\/\/l21.mx\/#\/schema\/person\/4b571cc212089f95579f3b66253728f1"},"headline":"Luis Alberto P\u00e9rez Quintero gana concurso peninsular de la Asociaci\u00f3n de Sommeliers Mexicanos","datePublished":"2016-11-04T20:54:46+00:00","mainEntityOfPage":{"@id":"https:\/\/l21.mx\/?p=21924"},"wordCount":346,"commentCount":0,"publisher":{"@id":"https:\/\/l21.mx\/#organization"},"image":{"@id":"https:\/\/l21.mx\/?p=21924#primaryimage"},"thumbnailUrl":"https:\/\/l21.mx\/wp-content\/uploads\/2016\/11\/Luis-Alberto-P\u00e9rez-Quintero.jpg","articleSection":["Noticias","Turismo"],"inLanguage":"es","potentialAction":[{"@type":"CommentAction","name":"Comment","target":["https:\/\/l21.mx\/?p=21924#respond"]}]},{"@type":"WebPage","@id":"https:\/\/l21.mx\/?p=21924","url":"https:\/\/l21.mx\/?p=21924","name":"Luis Alberto P\u00e9rez Quintero gana concurso peninsular de la Asociaci\u00f3n de Sommeliers Mexicanos | Revista Latitud 21","isPartOf":{"@id":"https:\/\/l21.mx\/#website"},"primaryImageOfPage":{"@id":"https:\/\/l21.mx\/?p=21924#primaryimage"},"image":{"@id":"https:\/\/l21.mx\/?p=21924#primaryimage"},"thumbnailUrl":"https:\/\/l21.mx\/wp-content\/uploads\/2016\/11\/Luis-Alberto-P\u00e9rez-Quintero.jpg","datePublished":"2016-11-04T20:54:46+00:00","description":"L21, Emprendedores y Negocios en el Caribe Mexicano, es la revista l\u00edder entre el Sector Empresarial y Tur\u00edstico del Caribe Mexicano.","breadcrumb":{"@id":"https:\/\/l21.mx\/?p=21924#breadcrumb"},"inLanguage":"es","potentialAction":[{"@type":"ReadAction","target":["https:\/\/l21.mx\/?p=21924"]}]},{"@type":"ImageObject","inLanguage":"es","@id":"https:\/\/l21.mx\/?p=21924#primaryimage","url":"https:\/\/l21.mx\/wp-content\/uploads\/2016\/11\/Luis-Alberto-P\u00e9rez-Quintero.jpg","contentUrl":"https:\/\/l21.mx\/wp-content\/uploads\/2016\/11\/Luis-Alberto-P\u00e9rez-Quintero.jpg","width":1005,"height":1520},{"@type":"BreadcrumbList","@id":"https:\/\/l21.mx\/?p=21924#breadcrumb","itemListElement":[{"@type":"ListItem","position":1,"name":"Portada","item":"https:\/\/l21.mx\/"},{"@type":"ListItem","position":2,"name":"Luis Alberto P\u00e9rez Quintero gana concurso peninsular de la Asociaci\u00f3n de Sommeliers Mexicanos"}]},{"@type":"WebSite","@id":"https:\/\/l21.mx\/#website","url":"https:\/\/l21.mx\/","name":"Revista Latitud 21","description":"Emprendedores  y negocios en el Caribe Mexicano","publisher":{"@id":"https:\/\/l21.mx\/#organization"},"potentialAction":[{"@type":"SearchAction","target":{"@type":"EntryPoint","urlTemplate":"https:\/\/l21.mx\/?s={search_term_string}"},"query-input":{"@type":"PropertyValueSpecification","valueRequired":true,"valueName":"search_term_string"}}],"inLanguage":"es"},{"@type":"Organization","@id":"https:\/\/l21.mx\/#organization","name":"Grupo Editorial Latitud 21 SA de CV","url":"https:\/\/l21.mx\/","logo":{"@type":"ImageObject","inLanguage":"es","@id":"https:\/\/l21.mx\/#\/schema\/logo\/image\/","url":"https:\/\/l21.mx\/wp-content\/uploads\/2020\/10\/logo-l21-baja.jpg","contentUrl":"https:\/\/l21.mx\/wp-content\/uploads\/2020\/10\/logo-l21-baja.jpg","width":250,"height":250,"caption":"Grupo Editorial Latitud 21 SA de CV"},"image":{"@id":"https:\/\/l21.mx\/#\/schema\/logo\/image\/"},"sameAs":["https:\/\/www.facebook.com\/RevistaLatitud21\/","https:\/\/x.com\/Latitud21mx"]},{"@type":"Person","@id":"https:\/\/l21.mx\/#\/schema\/person\/4b571cc212089f95579f3b66253728f1","name":"Latitud21 Redacci\u00f3n","url":"https:\/\/l21.mx\/?author=2"}]}},"amp_enabled":true,"_links":{"self":[{"href":"https:\/\/l21.mx\/index.php?rest_route=\/wp\/v2\/posts\/21924","targetHints":{"allow":["GET"]}}],"collection":[{"href":"https:\/\/l21.mx\/index.php?rest_route=\/wp\/v2\/posts"}],"about":[{"href":"https:\/\/l21.mx\/index.php?rest_route=\/wp\/v2\/types\/post"}],"author":[{"embeddable":true,"href":"https:\/\/l21.mx\/index.php?rest_route=\/wp\/v2\/users\/2"}],"replies":[{"embeddable":true,"href":"https:\/\/l21.mx\/index.php?rest_route=%2Fwp%2Fv2%2Fcomments&post=21924"}],"version-history":[{"count":0,"href":"https:\/\/l21.mx\/index.php?rest_route=\/wp\/v2\/posts\/21924\/revisions"}],"wp:featuredmedia":[{"embeddable":true,"href":"https:\/\/l21.mx\/index.php?rest_route=\/wp\/v2\/media\/21927"}],"wp:attachment":[{"href":"https:\/\/l21.mx\/index.php?rest_route=%2Fwp%2Fv2%2Fmedia&parent=21924"}],"wp:term":[{"taxonomy":"category","embeddable":true,"href":"https:\/\/l21.mx\/index.php?rest_route=%2Fwp%2Fv2%2Fcategories&post=21924"},{"taxonomy":"post_tag","embeddable":true,"href":"https:\/\/l21.mx\/index.php?rest_route=%2Fwp%2Fv2%2Ftags&post=21924"}],"curies":[{"name":"wp","href":"https:\/\/api.w.org\/{rel}","templated":true}]}}