{"id":22088,"date":"2016-11-11T16:31:59","date_gmt":"2016-11-11T22:31:59","guid":{"rendered":"http:\/\/innovatori.space\/lat21\/?p=22088"},"modified":"2016-11-11T17:09:27","modified_gmt":"2016-11-11T23:09:27","slug":"turistas-y-locales-podran-recorrer-cancun-en-turibus","status":"publish","type":"post","link":"https:\/\/l21.mx\/?p=22088","title":{"rendered":"Turistas y locales podr\u00e1n recorrer Canc\u00fan en Turibus"},"content":{"rendered":"<p><a href=\"http:\/\/l21.mx\/wp-content\/uploads\/2016\/11\/turi.jpg\" data-rel=\"penci-gallery-image-content\" ><img fetchpriority=\"high\" decoding=\"async\" class=\"aligncenter size-full wp-image-22089\" title=\"turi\" src=\"http:\/\/l21.mx\/wp-content\/uploads\/2016\/11\/turi.jpg\" alt=\"\" width=\"700\" height=\"452\" srcset=\"https:\/\/l21.mx\/wp-content\/uploads\/2016\/11\/turi.jpg 700w, https:\/\/l21.mx\/wp-content\/uploads\/2016\/11\/turi-300x194.jpg 300w, https:\/\/l21.mx\/wp-content\/uploads\/2016\/11\/turi-585x378.jpg 585w\" sizes=\"(max-width: 700px) 100vw, 700px\" \/><\/a>Seg\u00fan inform\u00f3 el medio\u00a0<a href=\"http:\/\/sipse.com\/novedades\/cancun\/\" target=\"_blank\" rel=\"noopener\">Novedades<\/a>, este mediod\u00eda se inaugur\u00f3 en las instalaciones del hotel Kristal Urban el primer Turibus de Canc\u00fan, de la empresa Autobuses del Oriente (ADO),\u00a0el cual recorrer\u00e1 la zona hotelera y las principales plazas comerciales de la ciudad.<\/p>\n<p><span style=\"font-weight: 300;\">En octubre pasado, Julio Garc\u00eda Flores, gerente regional del Grupo ADO, manifestaba que esta nueva apuesta \u201cbuscar\u00eda lucir la belleza de la ciudad a todos los viajantes, nacionales y extranjeros, y as\u00ed potenciar el turismo y desarrollo de Canc\u00fan\u201d.<\/span><\/p>\n<p><span style=\"font-weight: 300;\">Cabe se\u00f1alar que este nuevo medio de transporte tur\u00edstico cuenta con dos niveles, capacidad de 60 asientos, anfitriones, wifi gratis y ofrece a sus pasajeros la facilidad de subir y bajar durante todo el d\u00eda seg\u00fan su inter\u00e9s. El tiempo de recorrido establecido ser\u00e1 de una hora y media aproximadamente.<\/span><\/p>\n<p><span style=\"font-weight: 300;\">En cuanto al valor del trayecto, este ser\u00e1 de 17 d\u00f3lares para extranjeros y 100 pesos para locales, aunque la empresa adelant\u00f3 que existir\u00e1n posibles descuentos o promociones en fechas especiales. Los horarios del turibus ser\u00e1n desde las 13 horas hasta la 1 de la ma\u00f1ana.<\/span><\/p>\n<p>&nbsp;<\/p>\n<p>Fuente: Novedades<\/p>\n","protected":false},"excerpt":{"rendered":"<p>Seg\u00fan inform\u00f3 el medio\u00a0Novedades, este mediod\u00eda se inaugur\u00f3 en las instalaciones del hotel Kristal Urban el&hellip;<\/p>\n","protected":false},"author":2,"featured_media":22091,"comment_status":"open","ping_status":"open","sticky":false,"template":"","format":"standard","meta":{"_acf_changed":false,"_lmt_disableupdate":"","_lmt_disable":"","_mbp_gutenberg_autopost":false,"footnotes":""},"categories":[4,23,8],"tags":[],"class_list":["post-22088","post","type-post","status-publish","format-standard","has-post-thumbnail","hentry","category-empresas-y-negocios","category-noticias","category-turismo"],"acf":[],"_links":{"self":[{"href":"https:\/\/l21.mx\/index.php?rest_route=\/wp\/v2\/posts\/22088","targetHints":{"allow":["GET"]}}],"collection":[{"href":"https:\/\/l21.mx\/index.php?rest_route=\/wp\/v2\/posts"}],"about":[{"href":"https:\/\/l21.mx\/index.php?rest_route=\/wp\/v2\/types\/post"}],"author":[{"embeddable":true,"href":"https:\/\/l21.mx\/index.php?rest_route=\/wp\/v2\/users\/2"}],"replies":[{"embeddable":true,"href":"https:\/\/l21.mx\/index.php?rest_route=%2Fwp%2Fv2%2Fcomments&post=22088"}],"version-history":[{"count":0,"href":"https:\/\/l21.mx\/index.php?rest_route=\/wp\/v2\/posts\/22088\/revisions"}],"wp:featuredmedia":[{"embeddable":true,"href":"https:\/\/l21.mx\/index.php?rest_route=\/wp\/v2\/media\/22091"}],"wp:attachment":[{"href":"https:\/\/l21.mx\/index.php?rest_route=%2Fwp%2Fv2%2Fmedia&parent=22088"}],"wp:term":[{"taxonomy":"category","embeddable":true,"href":"https:\/\/l21.mx\/index.php?rest_route=%2Fwp%2Fv2%2Fcategories&post=22088"},{"taxonomy":"post_tag","embeddable":true,"href":"https:\/\/l21.mx\/index.php?rest_route=%2Fwp%2Fv2%2Ftags&post=22088"}],"curies":[{"name":"wp","href":"https:\/\/api.w.org\/{rel}","templated":true}]}}