{"id":22225,"date":"2016-11-18T17:05:22","date_gmt":"2016-11-18T23:05:22","guid":{"rendered":"http:\/\/innovatori.space\/lat21\/?p=22225"},"modified":"2021-03-01T11:48:57","modified_gmt":"2021-03-01T16:48:57","slug":"confirmado-experiencias-xcaret-tendra-su-propio-hotel","status":"publish","type":"post","link":"https:\/\/l21.mx\/?p=22225","title":{"rendered":"Confirmado: Experiencias Xcaret tendr\u00e1 su propio hotel"},"content":{"rendered":"<p><a href=\"http:\/\/l21.mx\/wp-content\/uploads\/2016\/11\/largexcaret1.jpg\" data-rel=\"penci-gallery-image-content\" ><img fetchpriority=\"high\" decoding=\"async\" class=\"aligncenter size-full wp-image-22175\" title=\"largexcaret1\" src=\"http:\/\/l21.mx\/wp-content\/uploads\/2016\/11\/largexcaret1.jpg\" alt=\"\" width=\"960\" height=\"480\" srcset=\"https:\/\/l21.mx\/wp-content\/uploads\/2016\/11\/largexcaret1.jpg 960w, https:\/\/l21.mx\/wp-content\/uploads\/2016\/11\/largexcaret1-300x150.jpg 300w, https:\/\/l21.mx\/wp-content\/uploads\/2016\/11\/largexcaret1-768x384.jpg 768w, https:\/\/l21.mx\/wp-content\/uploads\/2016\/11\/largexcaret1-585x293.jpg 585w\" sizes=\"(max-width: 960px) 100vw, 960px\" \/><\/a>Este viernes el grupo experiencias<strong> Xcaret<\/strong> realiz\u00f3 una conferencia de prensa en la que confirm\u00f3 uno de sus m\u00e1s ambiciosos proyectos: el <strong>Hotel Xcaret<\/strong>, <strong>\u00a0<\/strong>el que<strong>\u00a0<\/strong>contar\u00e1 con una <strong>inversi\u00f3n de un<\/strong> <strong>bill\u00f3n 700 mil d\u00f3lares<\/strong>.<\/p>\n<p><span style=\"font-weight: 300;\">De acuerdo con la informaci\u00f3n entregada, este proyecto se desarrollar\u00e1 por etapas, que se llevar\u00e1 a cabo en un periodo de 12 a\u00f1os y contar\u00e1 con alrededor de\u00a0<\/span><strong>seis mil habitaciones,<\/strong><span style=\"font-weight: 300;\"> un Centro de Convenciones, estadio para eventos con una capacidad para 12 mil personas. El concepto del hotel ser\u00e1\u00a0<\/span><em style=\"font-weight: 300;\">All Fun Inclusive<\/em><span style=\"font-weight: 300;\">\u00a0y quienes se hospeden podr\u00e1n tener \u00a0acceso a los parques Xplor, Xcaret y Xenses.<\/span><\/p>\n<p><span style=\"font-weight: 300;\">Adem\u00e1s este hotel pretende contar con una certificaci\u00f3n de\u00a0<\/span><strong><em>Earth Check<\/em><\/strong><em style=\"font-weight: 300;\">\u00a0<\/em><span style=\"font-weight: 300;\">en planeaci\u00f3n y dise\u00f1o; siendo el primer hotel en Latinoam\u00e9rica en tenerlo. La apertura est\u00e1 programada para diciembre de 2017.<\/span><\/p>\n","protected":false},"excerpt":{"rendered":"<p>Este viernes el grupo experiencias Xcaret realiz\u00f3 una conferencia de prensa en la que confirm\u00f3 uno&hellip;<\/p>\n","protected":false},"author":2,"featured_media":22175,"comment_status":"open","ping_status":"open","sticky":false,"template":"","format":"standard","meta":{"_acf_changed":false,"_lmt_disableupdate":"","_lmt_disable":"","_mbp_gutenberg_autopost":false,"footnotes":""},"categories":[4,23,8],"tags":[],"class_list":["post-22225","post","type-post","status-publish","format-standard","has-post-thumbnail","hentry","category-empresas-y-negocios","category-noticias","category-turismo"],"acf":[],"_links":{"self":[{"href":"https:\/\/l21.mx\/index.php?rest_route=\/wp\/v2\/posts\/22225","targetHints":{"allow":["GET"]}}],"collection":[{"href":"https:\/\/l21.mx\/index.php?rest_route=\/wp\/v2\/posts"}],"about":[{"href":"https:\/\/l21.mx\/index.php?rest_route=\/wp\/v2\/types\/post"}],"author":[{"embeddable":true,"href":"https:\/\/l21.mx\/index.php?rest_route=\/wp\/v2\/users\/2"}],"replies":[{"embeddable":true,"href":"https:\/\/l21.mx\/index.php?rest_route=%2Fwp%2Fv2%2Fcomments&post=22225"}],"version-history":[{"count":0,"href":"https:\/\/l21.mx\/index.php?rest_route=\/wp\/v2\/posts\/22225\/revisions"}],"wp:featuredmedia":[{"embeddable":true,"href":"https:\/\/l21.mx\/index.php?rest_route=\/wp\/v2\/media\/22175"}],"wp:attachment":[{"href":"https:\/\/l21.mx\/index.php?rest_route=%2Fwp%2Fv2%2Fmedia&parent=22225"}],"wp:term":[{"taxonomy":"category","embeddable":true,"href":"https:\/\/l21.mx\/index.php?rest_route=%2Fwp%2Fv2%2Fcategories&post=22225"},{"taxonomy":"post_tag","embeddable":true,"href":"https:\/\/l21.mx\/index.php?rest_route=%2Fwp%2Fv2%2Ftags&post=22225"}],"curies":[{"name":"wp","href":"https:\/\/api.w.org\/{rel}","templated":true}]}}