{"id":2248,"date":"2013-04-04T12:52:42","date_gmt":"2013-04-04T18:52:42","guid":{"rendered":"http:\/\/innovatori.space\/lat21\/?p=2248"},"modified":"2013-06-06T13:19:45","modified_gmt":"2013-06-06T18:19:45","slug":"segundo-congreso-de-la-escuela-de-arquitectura","status":"publish","type":"post","link":"https:\/\/l21.mx\/?p=2248","title":{"rendered":"Segundo Congreso de la Escuela de Arquitectura"},"content":{"rendered":"<p><strong><span style=\"color: #993300;\">Qu\u00e9:\u00a0<span style=\"color: #000000;\"><strong>Segundo Congreso de la Escuela de Arquitectura<\/strong><\/span><\/span><\/strong><\/p>\n<p><strong><span style=\"color: #993300;\">D\u00f3nde:\u00a0<span style=\"color: #000000;\"><strong>Universidad\u00a0 An\u00e1huac<\/strong><\/span><\/span><\/strong><\/p>\n<p><strong><span style=\"color: #993300;\">Cu\u00e1ndo:<span style=\"color: #000000;\">\u00a0<strong>Marzo 2013<\/strong><\/span><\/span><\/strong><\/p>\n<p><a href=\"http:\/\/l21.mx\/wp-content\/uploads\/2013\/04\/ARQUITECTURA-2.jpg\" data-rel=\"penci-gallery-image-content\" ><img fetchpriority=\"high\" decoding=\"async\" title=\"ARQUITECTURA 2\" src=\"http:\/\/l21.mx\/wp-content\/uploads\/2013\/04\/ARQUITECTURA-2-300x194.jpg\" alt=\"\" width=\"300\" height=\"194\" \/><\/a><\/p>\n<p>Bajo el lema \u201cEl oficio del arquitecto en el proceso de dise\u00f1o\u201d se efectu\u00f3 este congreso, en el cual se busc\u00f3 que los estudiantes conocieran y aprendieran de los\u00a0 arquitectos catalogados como los m\u00e1s importantes del pa\u00eds. Durante las jornadas el alumnado asisti\u00f3 a conferencias y tuvo la oportunidad de interactuar con los especialistas, con quienes conversaron sobre su trabajo, tendencias, materiales, formas, conceptos y dem\u00e1s temas relacionados con la arquitectura. Xavier D\u00edaz, presidente de la Sociedad de Alumnos, expres\u00f3: \u201cComo estudiantes fue una oportunidad \u00fanica de acercarnos a la arquitectura de Ram\u00edrez V\u00e1zquez\u00a0 hasta la del despacho de arquitectos BNKR, que es lo m\u00e1s innovador que existe actualmente\u201d.<\/p>\n<div>\n<p>[editor]bitacora[\/editor]<\/p>\n<\/div>\n","protected":false},"excerpt":{"rendered":"<p>Qu\u00e9:\u00a0Segundo Congreso de la Escuela de Arquitectura D\u00f3nde:\u00a0Universidad\u00a0 An\u00e1huac Cu\u00e1ndo:\u00a0Marzo 2013 Bajo el lema \u201cEl oficio&hellip;<\/p>\n","protected":false},"author":2,"featured_media":2251,"comment_status":"open","ping_status":"open","sticky":false,"template":"","format":"standard","meta":{"_acf_changed":false,"_lmt_disableupdate":"","_lmt_disable":"","_mbp_gutenberg_autopost":false,"footnotes":""},"categories":[1],"tags":[63,65,62,48,64,61],"class_list":["post-2248","post","type-post","status-publish","format-standard","has-post-thumbnail","hentry","category-sin-categoria","tag-caribe-mexicano","tag-grupo-editorial-latitud21","tag-revista-latitud21","tag-cancun","tag-latitud-21","tag-latitud21"],"acf":[],"_links":{"self":[{"href":"https:\/\/l21.mx\/index.php?rest_route=\/wp\/v2\/posts\/2248","targetHints":{"allow":["GET"]}}],"collection":[{"href":"https:\/\/l21.mx\/index.php?rest_route=\/wp\/v2\/posts"}],"about":[{"href":"https:\/\/l21.mx\/index.php?rest_route=\/wp\/v2\/types\/post"}],"author":[{"embeddable":true,"href":"https:\/\/l21.mx\/index.php?rest_route=\/wp\/v2\/users\/2"}],"replies":[{"embeddable":true,"href":"https:\/\/l21.mx\/index.php?rest_route=%2Fwp%2Fv2%2Fcomments&post=2248"}],"version-history":[{"count":0,"href":"https:\/\/l21.mx\/index.php?rest_route=\/wp\/v2\/posts\/2248\/revisions"}],"wp:featuredmedia":[{"embeddable":true,"href":"https:\/\/l21.mx\/index.php?rest_route=\/wp\/v2\/media\/2251"}],"wp:attachment":[{"href":"https:\/\/l21.mx\/index.php?rest_route=%2Fwp%2Fv2%2Fmedia&parent=2248"}],"wp:term":[{"taxonomy":"category","embeddable":true,"href":"https:\/\/l21.mx\/index.php?rest_route=%2Fwp%2Fv2%2Fcategories&post=2248"},{"taxonomy":"post_tag","embeddable":true,"href":"https:\/\/l21.mx\/index.php?rest_route=%2Fwp%2Fv2%2Ftags&post=2248"}],"curies":[{"name":"wp","href":"https:\/\/api.w.org\/{rel}","templated":true}]}}