{"id":22557,"date":"2016-12-01T10:26:28","date_gmt":"2016-12-01T16:26:28","guid":{"rendered":"http:\/\/innovatori.space\/lat21\/?p=22557"},"modified":"2016-12-01T10:26:28","modified_gmt":"2016-12-01T16:26:28","slug":"%e2%86%93%e2%86%93-aroma-cilantro","status":"publish","type":"post","link":"https:\/\/l21.mx\/?p=22557","title":{"rendered":"\u2193\u2193 Aroma Cilantro"},"content":{"rendered":"<p><a href=\"http:\/\/l21.mx\/wp-content\/uploads\/2016\/12\/aroma-cilanto.jpg\" data-rel=\"penci-gallery-image-content\" ><img fetchpriority=\"high\" decoding=\"async\" class=\"aligncenter size-large wp-image-22559\" title=\"aroma-cilanto\" src=\"http:\/\/l21.mx\/wp-content\/uploads\/2016\/12\/aroma-cilanto-1024x680.jpg\" alt=\"\" width=\"1024\" height=\"680\" srcset=\"https:\/\/l21.mx\/wp-content\/uploads\/2016\/12\/aroma-cilanto-1024x680.jpg 1024w, https:\/\/l21.mx\/wp-content\/uploads\/2016\/12\/aroma-cilanto-300x199.jpg 300w, https:\/\/l21.mx\/wp-content\/uploads\/2016\/12\/aroma-cilanto-768x510.jpg 768w, https:\/\/l21.mx\/wp-content\/uploads\/2016\/12\/aroma-cilanto-1170x777.jpg 1170w, https:\/\/l21.mx\/wp-content\/uploads\/2016\/12\/aroma-cilanto-585x389.jpg 585w, https:\/\/l21.mx\/wp-content\/uploads\/2016\/12\/aroma-cilanto-263x175.jpg 263w, https:\/\/l21.mx\/wp-content\/uploads\/2016\/12\/aroma-cilanto.jpg 1200w\" sizes=\"(max-width: 1024px) 100vw, 1024px\" \/><\/a><\/p>\n<p>Despu\u00e9s de casi un a\u00f1o en operaciones, y una inversi\u00f3n estimada en casi dos millones de pesos, cierra sus puertas Aroma Cilantro, cuyo liderazgo corri\u00f3 a cargo del empresario Jorge Ord\u00f3\u00f1ez y la chef Karla Enciso. Generaba 15 fuentes de empleo de manera directa. Ten\u00eda ubicaci\u00f3n en Plaza La Roca, Bulevar Luis Donaldo Colosio.<\/p>\n<div><\/div>\n","protected":false},"excerpt":{"rendered":"<p>Despu\u00e9s de casi un a\u00f1o en operaciones, y una inversi\u00f3n estimada en casi dos millones de&hellip;<\/p>\n","protected":false},"author":2,"featured_media":22559,"comment_status":"open","ping_status":"open","sticky":false,"template":"","format":"standard","meta":{"_acf_changed":false,"_lmt_disableupdate":"","_lmt_disable":"","_mbp_gutenberg_autopost":false,"footnotes":""},"categories":[10],"tags":[],"class_list":["post-22557","post","type-post","status-publish","format-standard","has-post-thumbnail","hentry","category-sube-y-baja"],"acf":[],"_links":{"self":[{"href":"https:\/\/l21.mx\/index.php?rest_route=\/wp\/v2\/posts\/22557","targetHints":{"allow":["GET"]}}],"collection":[{"href":"https:\/\/l21.mx\/index.php?rest_route=\/wp\/v2\/posts"}],"about":[{"href":"https:\/\/l21.mx\/index.php?rest_route=\/wp\/v2\/types\/post"}],"author":[{"embeddable":true,"href":"https:\/\/l21.mx\/index.php?rest_route=\/wp\/v2\/users\/2"}],"replies":[{"embeddable":true,"href":"https:\/\/l21.mx\/index.php?rest_route=%2Fwp%2Fv2%2Fcomments&post=22557"}],"version-history":[{"count":0,"href":"https:\/\/l21.mx\/index.php?rest_route=\/wp\/v2\/posts\/22557\/revisions"}],"wp:featuredmedia":[{"embeddable":true,"href":"https:\/\/l21.mx\/index.php?rest_route=\/wp\/v2\/media\/22559"}],"wp:attachment":[{"href":"https:\/\/l21.mx\/index.php?rest_route=%2Fwp%2Fv2%2Fmedia&parent=22557"}],"wp:term":[{"taxonomy":"category","embeddable":true,"href":"https:\/\/l21.mx\/index.php?rest_route=%2Fwp%2Fv2%2Fcategories&post=22557"},{"taxonomy":"post_tag","embeddable":true,"href":"https:\/\/l21.mx\/index.php?rest_route=%2Fwp%2Fv2%2Ftags&post=22557"}],"curies":[{"name":"wp","href":"https:\/\/api.w.org\/{rel}","templated":true}]}}