{"id":22585,"date":"2016-12-01T12:55:36","date_gmt":"2016-12-01T18:55:36","guid":{"rendered":"http:\/\/innovatori.space\/lat21\/?p=22585"},"modified":"2016-12-01T12:55:36","modified_gmt":"2016-12-01T18:55:36","slug":"%e2%86%91%e2%86%91-riu-palace-las-americas","status":"publish","type":"post","link":"https:\/\/l21.mx\/?p=22585","title":{"rendered":"\u2191\u2191 Riu Palace Las Am\u00e9ricas"},"content":{"rendered":"<p><a href=\"http:\/\/l21.mx\/wp-content\/uploads\/2016\/12\/Riu-Palace-Las-Americas.jpg\" data-rel=\"penci-gallery-image-content\" ><img fetchpriority=\"high\" decoding=\"async\" class=\"aligncenter size-full wp-image-22587\" title=\"Riu-Palace-Las-Americas\" src=\"http:\/\/l21.mx\/wp-content\/uploads\/2016\/12\/Riu-Palace-Las-Americas.jpg\" alt=\"\" width=\"900\" height=\"600\" srcset=\"https:\/\/l21.mx\/wp-content\/uploads\/2016\/12\/Riu-Palace-Las-Americas.jpg 900w, https:\/\/l21.mx\/wp-content\/uploads\/2016\/12\/Riu-Palace-Las-Americas-300x200.jpg 300w, https:\/\/l21.mx\/wp-content\/uploads\/2016\/12\/Riu-Palace-Las-Americas-768x512.jpg 768w, https:\/\/l21.mx\/wp-content\/uploads\/2016\/12\/Riu-Palace-Las-Americas-585x390.jpg 585w, https:\/\/l21.mx\/wp-content\/uploads\/2016\/12\/Riu-Palace-Las-Americas-263x175.jpg 263w\" sizes=\"(max-width: 900px) 100vw, 900px\" \/><\/a><\/p>\n<p>Doce millones de d\u00f3lares fue la inversi\u00f3n requerida para la remodelaci\u00f3n integral de uno de los hoteles m\u00e1s emblem\u00e1ticos de Riu Hotels &amp; Resorts, el Riu Palace Las Am\u00e9ricas Canc\u00fan, como parte del plan estrat\u00e9gico de la cadena espa\u00f1ola que tiene como objetivo renovar todos sus hoteles para aumentar la calidad de su oferta. Una de las principales novedades es que a partir de esta reapertura el hotel ser\u00e1 el primero de la cadena en Canc\u00fan y Rivera Maya bajo el concepto<em> Adults Only<\/em>. El centro de hospedaje, construido en 2004, ha introducido nuevos materiales, colores y dise\u00f1os tanto en sus 372 habitaciones como en las zonas comunes, como el lobby y los restaurantes, as\u00ed como la pasteler\u00eda y helader\u00eda Capuchino y el bar Lounge 24, con <em>snacks <\/em>y bebidas <em>Premium <\/em>por la noche en su lobby. Blvd. Kukulc\u00e1n Km 8.5, Mza. 50 Lte. 4, Zona Hotelera, 77500 Canc\u00fan, Q. Roo. Tel. 01 998 891-43-00. Twitter:@GuyFieriPlaya Instagram: @guyfieriplaya<\/p>\n<div><\/div>\n","protected":false},"excerpt":{"rendered":"<p>Doce millones de d\u00f3lares fue la inversi\u00f3n requerida para la remodelaci\u00f3n integral de uno de los&hellip;<\/p>\n","protected":false},"author":2,"featured_media":22587,"comment_status":"open","ping_status":"open","sticky":false,"template":"","format":"standard","meta":{"_acf_changed":false,"_lmt_disableupdate":"","_lmt_disable":"","_mbp_gutenberg_autopost":false,"footnotes":""},"categories":[10],"tags":[],"class_list":["post-22585","post","type-post","status-publish","format-standard","has-post-thumbnail","hentry","category-sube-y-baja"],"acf":[],"_links":{"self":[{"href":"https:\/\/l21.mx\/index.php?rest_route=\/wp\/v2\/posts\/22585","targetHints":{"allow":["GET"]}}],"collection":[{"href":"https:\/\/l21.mx\/index.php?rest_route=\/wp\/v2\/posts"}],"about":[{"href":"https:\/\/l21.mx\/index.php?rest_route=\/wp\/v2\/types\/post"}],"author":[{"embeddable":true,"href":"https:\/\/l21.mx\/index.php?rest_route=\/wp\/v2\/users\/2"}],"replies":[{"embeddable":true,"href":"https:\/\/l21.mx\/index.php?rest_route=%2Fwp%2Fv2%2Fcomments&post=22585"}],"version-history":[{"count":0,"href":"https:\/\/l21.mx\/index.php?rest_route=\/wp\/v2\/posts\/22585\/revisions"}],"wp:featuredmedia":[{"embeddable":true,"href":"https:\/\/l21.mx\/index.php?rest_route=\/wp\/v2\/media\/22587"}],"wp:attachment":[{"href":"https:\/\/l21.mx\/index.php?rest_route=%2Fwp%2Fv2%2Fmedia&parent=22585"}],"wp:term":[{"taxonomy":"category","embeddable":true,"href":"https:\/\/l21.mx\/index.php?rest_route=%2Fwp%2Fv2%2Fcategories&post=22585"},{"taxonomy":"post_tag","embeddable":true,"href":"https:\/\/l21.mx\/index.php?rest_route=%2Fwp%2Fv2%2Ftags&post=22585"}],"curies":[{"name":"wp","href":"https:\/\/api.w.org\/{rel}","templated":true}]}}