{"id":22658,"date":"2016-12-05T10:49:58","date_gmt":"2016-12-05T16:49:58","guid":{"rendered":"http:\/\/innovatori.space\/lat21\/?p=22658"},"modified":"2016-12-05T10:49:58","modified_gmt":"2016-12-05T16:49:58","slug":"mip-cancun","status":"publish","type":"post","link":"https:\/\/l21.mx\/?p=22658","title":{"rendered":"MIP Canc\u00fan"},"content":{"rendered":"<ul>\n<li><strong><span style=\"color: #993300;\"><a href=\"http:\/\/l21.mx\/wp-content\/uploads\/2016\/12\/MIP-Canc\u00fan.jpg\" data-rel=\"penci-gallery-image-content\" ><img fetchpriority=\"high\" decoding=\"async\" class=\"alignleft size-full wp-image-22660\" title=\"MIP-Canc\u00fan\" src=\"http:\/\/l21.mx\/wp-content\/uploads\/2016\/12\/MIP-Canc\u00fan.jpg\" alt=\"\" width=\"770\" height=\"514\" srcset=\"https:\/\/l21.mx\/wp-content\/uploads\/2016\/12\/MIP-Canc\u00fan.jpg 770w, https:\/\/l21.mx\/wp-content\/uploads\/2016\/12\/MIP-Canc\u00fan-300x200.jpg 300w, https:\/\/l21.mx\/wp-content\/uploads\/2016\/12\/MIP-Canc\u00fan-768x513.jpg 768w, https:\/\/l21.mx\/wp-content\/uploads\/2016\/12\/MIP-Canc\u00fan-585x391.jpg 585w, https:\/\/l21.mx\/wp-content\/uploads\/2016\/12\/MIP-Canc\u00fan-263x175.jpg 263w\" sizes=\"(max-width: 770px) 100vw, 770px\" \/><\/a><\/span><\/strong><\/li>\n<li><strong><span style=\"color: #993300;\">Qu\u00e9: <\/span>MIP Canc\u00fan<\/strong><\/li>\n<li><strong><span style=\"color: #993300;\">D\u00f3nde:<\/span> Grand Fiesta Americana<\/strong><\/li>\n<li><strong><span style=\"color: #993300;\">Cu\u00e1ndo:<\/span> Noviembre<\/strong><\/li>\n<\/ul>\n<p>Con la participaci\u00f3n de 560 ejecutivos de 387 compa\u00f1\u00edas de 15 pa\u00edses se llev\u00f3 a cabo el MIP Canc\u00fan bajo la coordinaci\u00f3n de la sociedad Reed Midem, que organiza cada a\u00f1o el MIPTV en Cannes. En su tercera edici\u00f3n se efectuaron m\u00e1s de tres mil 700 reuniones, entre distribuidores y compradores, durante los tres d\u00edas que dur\u00f3 el encuentro. Ted Baracos, director de Desarrollo de Mercado de Reed Midem, destac\u00f3 que \u201cduplicamos la asistencia en el segundo a\u00f1o del evento y en esta ocasi\u00f3n creci\u00f3 en m\u00e1s del 70%\u201d. Mencion\u00f3 que la atracci\u00f3n que genera el mercado de la televisi\u00f3n de Am\u00e9rica Latina es creciente, por ello el inter\u00e9s de acercar a las empresas l\u00edderes a nivel internacional con sus hom\u00f3logas de la regi\u00f3n.<\/p>\n<div><\/div>\n","protected":false},"excerpt":{"rendered":"<p>Qu\u00e9: MIP Canc\u00fan D\u00f3nde: Grand Fiesta Americana Cu\u00e1ndo: Noviembre Con la participaci\u00f3n de 560 ejecutivos de&hellip;<\/p>\n","protected":false},"author":2,"featured_media":22660,"comment_status":"open","ping_status":"open","sticky":false,"template":"","format":"standard","meta":{"_acf_changed":false,"_lmt_disableupdate":"","_lmt_disable":"","_mbp_gutenberg_autopost":false,"footnotes":""},"categories":[1],"tags":[],"class_list":["post-22658","post","type-post","status-publish","format-standard","has-post-thumbnail","hentry","category-sin-categoria"],"acf":[],"_links":{"self":[{"href":"https:\/\/l21.mx\/index.php?rest_route=\/wp\/v2\/posts\/22658","targetHints":{"allow":["GET"]}}],"collection":[{"href":"https:\/\/l21.mx\/index.php?rest_route=\/wp\/v2\/posts"}],"about":[{"href":"https:\/\/l21.mx\/index.php?rest_route=\/wp\/v2\/types\/post"}],"author":[{"embeddable":true,"href":"https:\/\/l21.mx\/index.php?rest_route=\/wp\/v2\/users\/2"}],"replies":[{"embeddable":true,"href":"https:\/\/l21.mx\/index.php?rest_route=%2Fwp%2Fv2%2Fcomments&post=22658"}],"version-history":[{"count":0,"href":"https:\/\/l21.mx\/index.php?rest_route=\/wp\/v2\/posts\/22658\/revisions"}],"wp:featuredmedia":[{"embeddable":true,"href":"https:\/\/l21.mx\/index.php?rest_route=\/wp\/v2\/media\/22660"}],"wp:attachment":[{"href":"https:\/\/l21.mx\/index.php?rest_route=%2Fwp%2Fv2%2Fmedia&parent=22658"}],"wp:term":[{"taxonomy":"category","embeddable":true,"href":"https:\/\/l21.mx\/index.php?rest_route=%2Fwp%2Fv2%2Fcategories&post=22658"},{"taxonomy":"post_tag","embeddable":true,"href":"https:\/\/l21.mx\/index.php?rest_route=%2Fwp%2Fv2%2Ftags&post=22658"}],"curies":[{"name":"wp","href":"https:\/\/api.w.org\/{rel}","templated":true}]}}