{"id":22663,"date":"2016-12-05T11:13:40","date_gmt":"2016-12-05T17:13:40","guid":{"rendered":"http:\/\/innovatori.space\/lat21\/?p=22663"},"modified":"2016-12-05T11:13:40","modified_gmt":"2016-12-05T17:13:40","slug":"nombramientos-diciembre-2016","status":"publish","type":"post","link":"https:\/\/l21.mx\/?p=22663","title":{"rendered":"Nombramientos Diciembre 2016"},"content":{"rendered":"<p style=\"text-align: center;\"><a href=\"http:\/\/l21.mx\/wp-content\/uploads\/2016\/12\/nombramiento-diciembre-2016.jpg\" data-rel=\"penci-gallery-image-content\" ><img fetchpriority=\"high\" decoding=\"async\" class=\"aligncenter size-large wp-image-22666\" title=\"nombramiento-diciembre-2016\" src=\"http:\/\/l21.mx\/wp-content\/uploads\/2016\/12\/nombramiento-diciembre-2016-664x1024.jpg\" alt=\"\" width=\"664\" height=\"1024\" \/><\/a><\/p>\n<p style=\"text-align: center;\"><strong><a href=\"http:\/\/l21.mx\/wp-content\/uploads\/2016\/12\/miguel-perez.jpg\"><br \/>\n<\/a><a href=\"http:\/\/l21.mx\/wp-content\/uploads\/2016\/12\/lizzie-cole-guerrero.jpg\" data-rel=\"penci-gallery-image-content\" ><img decoding=\"async\" class=\"alignleft size-thumbnail wp-image-22671\" title=\"lizzie-cole-guerrero\" src=\"http:\/\/l21.mx\/wp-content\/uploads\/2016\/12\/lizzie-cole-guerrero-150x150.jpg\" alt=\"\" width=\"150\" height=\"150\" \/><\/a>ORGANISMOS<\/strong><\/p>\n<p style=\"text-align: center;\"><span style=\"color: #993300;\"><strong>Lizzie Cole Guerrero\u00a0<\/strong><\/span><\/p>\n<ul>\n<li>asume la direcci\u00f3n de la Oficina de Visitantes y Convenciones de Canc\u00fan en sustituci\u00f3n de Jes\u00fas Almaguer Salazar.<\/li>\n<li>Lugar de origen: Ciudad de M\u00e9xico.<\/li>\n<li>Arribo a Canc\u00fan: 1986<\/li>\n<li>Estudios: Licenciatura en Turismo, Escuela Mexicana de Turismo.<\/li>\n<li>Desarrollo profesional: American Express Co. M\u00e9xico, Inbound Travel Services, Friendly Holidays de M\u00e9xico, Sedetur, Fideicomiso de Promoci\u00f3n Tur\u00edstica de Solidaridad.<\/li>\n<\/ul>\n<p style=\"text-align: center;\"><strong><a href=\"http:\/\/l21.mx\/wp-content\/uploads\/2016\/12\/daniela-arreola.jpg\" data-rel=\"penci-gallery-image-content\" ><img decoding=\"async\" class=\"alignleft size-thumbnail wp-image-22672\" title=\"daniela-arreola\" src=\"http:\/\/l21.mx\/wp-content\/uploads\/2016\/12\/daniela-arreola-150x150.jpg\" alt=\"\" width=\"150\" height=\"150\" \/><\/a>HOTELES<\/strong><\/p>\n<p style=\"text-align: center;\"><span style=\"color: #993300;\"><strong>Daniela Arreola\u00a0<\/strong><\/span><\/p>\n<ul>\n<li>es nombrada directora de Ventas del Nizuc Resort &amp; Spa en sustituci\u00f3n de Tulio Baruch.<\/li>\n<li>Lugar de origen: Ciudad de M\u00e9xico.<\/li>\n<li>Arribo a Canc\u00fan: 2004<\/li>\n<li>Estudios: Licenciada en Administraci\u00f3n Hotelera, Universidad Intercontinental, Ciudad de M\u00e9xico.<\/li>\n<li>Desarrollo profesional: Marriott Hotels &amp; Resorts, MAS.Office, Fiesta Americana Grand Aqua Canc\u00fan, Fairmont Mayakoba Riviera Maya.<\/li>\n<\/ul>\n<p><strong><strong><a href=\"http:\/\/l21.mx\/wp-content\/uploads\/2016\/12\/miguel-perez.jpg\" data-rel=\"penci-gallery-image-content\" ><img loading=\"lazy\" decoding=\"async\" class=\"alignleft\" title=\"miguel-perez\" src=\"http:\/\/l21.mx\/wp-content\/uploads\/2016\/12\/miguel-perez-150x150.jpg\" alt=\"\" width=\"150\" height=\"150\" \/><\/a><\/strong>UNIVERSIDADES<\/strong><\/p>\n<p><span style=\"color: #993300;\"><strong>Miguel P\u00e9rez\u00a0<\/strong><\/span><\/p>\n<ul>\n<li>asume la rector\u00eda de la Universidad An\u00e1huac Mayab de M\u00e9rida,Yucat\u00e1n, en sustituci\u00f3n de Rafael Pardo.<\/li>\n<li>Lugar de origen: Ciudad de M\u00e9xico.<\/li>\n<li>Arribo a M\u00e9rida: 2016<\/li>\n<li>Estudios: Ingenier\u00eda Industrial y Sistemas, Tecnol\u00f3gico de\u00a0 Monterrey; maestr\u00eda en Ciencias Humanas.<\/li>\n<li>Desarrollo profesional: Universidad An\u00e1huac Canc\u00fan, Coparmex, Consejo Coordinador Empresarial (CCE).<\/li>\n<\/ul>\n<p style=\"text-align: center;\"><strong><a href=\"http:\/\/l21.mx\/wp-content\/uploads\/2016\/12\/andreas-schmidt.jpg\" data-rel=\"penci-gallery-image-content\" ><img loading=\"lazy\" decoding=\"async\" class=\"alignleft size-thumbnail wp-image-22673\" title=\"andreas-schmidt\" src=\"http:\/\/l21.mx\/wp-content\/uploads\/2016\/12\/andreas-schmidt-150x150.jpg\" alt=\"\" width=\"150\" height=\"150\" \/><\/a>HOTELES<\/strong><\/p>\n<p style=\"text-align: center;\"><span style=\"color: #993300;\"><strong>Andreas Schmidt\u00a0<\/strong><\/span><\/p>\n<ul>\n<li>es el nuevo director de calidad de marca de Grupo Karisma. (Puesto de nueva creaci\u00f3n).<\/li>\n<li>Lugar de origen: Alemania.<\/li>\n<li>Arribo a Canc\u00fan: 2000<\/li>\n<li>Estudios: Chef, Universidad \u00a0Fachhochschule-Offenburg, Selva Negra, Alemania.<\/li>\n<li>Desarrollo profesional: Grupo Palace Resorts, Luna Latina.<\/li>\n<\/ul>\n<p style=\"text-align: center;\"><strong><a href=\"http:\/\/l21.mx\/wp-content\/uploads\/2016\/12\/edgar-olvera.jpg\" data-rel=\"penci-gallery-image-content\" ><img loading=\"lazy\" decoding=\"async\" class=\"alignleft size-thumbnail wp-image-22674\" title=\"edgar-olvera\" src=\"http:\/\/l21.mx\/wp-content\/uploads\/2016\/12\/edgar-olvera-150x150.jpg\" alt=\"\" width=\"150\" height=\"150\" \/><\/a>EMPRESAS<\/strong><\/p>\n<p style=\"text-align: center;\"><span style=\"color: #993300;\"><strong>Edgar Olvera\u00a0<\/strong><\/span><\/p>\n<ul>\n<li>es el gerente de operaciones del acuario L\u2019Aquarium Playa del Carmen. \u00a0(Puesto de nueva creaci\u00f3n).<\/li>\n<li>Lugar de origen: Ciudad de M\u00e9xico.<\/li>\n<li>Arribo a Canc\u00fan: 1996<\/li>\n<li>Estudios: Licenciatura en Gastronom\u00eda, Universidad del Caribe (Unicaribe).<\/li>\n<li>Desarrollo profesional: Starbucks, Chillis, El Merendero.<\/li>\n<\/ul>\n<p style=\"text-align: center;\"><strong><a href=\"http:\/\/l21.mx\/wp-content\/uploads\/2016\/12\/polivia-hernandez.jpg\" data-rel=\"penci-gallery-image-content\" ><img loading=\"lazy\" decoding=\"async\" class=\"alignleft size-thumbnail wp-image-22675\" title=\"polivia-hernandez\" src=\"http:\/\/l21.mx\/wp-content\/uploads\/2016\/12\/polivia-hernandez-150x150.jpg\" alt=\"\" width=\"150\" height=\"150\" \/><\/a>EMPRESAS<\/strong><\/p>\n<p style=\"text-align: center;\"><span style=\"color: #993300;\"><strong>Polivia Hern\u00e1ndez\u00a0<\/strong><\/span><\/p>\n<ul>\n<li>es la nueva gerente de Relaciones P\u00fablicas del restaurante HEGO Gastrobar By Chef Heriberto G\u00f3mez. (Puesto de nueva creaci\u00f3n).<\/li>\n<li>Lugar de origen: Catemaco, Veracruz.<\/li>\n<li>Arribo a Canc\u00fan: 2014<\/li>\n<li>Estudios: Ciencias de la comunicaci\u00f3n, Universidad Veracruzana.<\/li>\n<li>Desarrollo profesional: Casino Palace, Domino\u2019s Pizza, Meli\u00e1 Restaurante Tempo by Mart\u00edn\u00a0 Berasategui.<\/li>\n<\/ul>\n<p style=\"text-align: center;\"><strong><a href=\"http:\/\/l21.mx\/wp-content\/uploads\/2016\/12\/alberto-moyeda.jpg\" data-rel=\"penci-gallery-image-content\" ><img loading=\"lazy\" decoding=\"async\" class=\"alignleft size-thumbnail wp-image-22676\" title=\"alberto-moyeda\" src=\"http:\/\/l21.mx\/wp-content\/uploads\/2016\/12\/alberto-moyeda-150x150.jpg\" alt=\"\" width=\"150\" height=\"150\" \/><\/a>HOTELES<\/strong><\/p>\n<p style=\"text-align: center;\"><span style=\"color: #993300;\"><strong>Alberto Moyeda\u00a0<\/strong><\/span><\/p>\n<ul>\n<li>ocupa el cargo de gerente de Marketing &amp; Communication del hotel Thompson Playa del Carmen. (Puesto de nueva creaci\u00f3n).<\/li>\n<li>Lugar de origen: Saltillo, Coahuila.<\/li>\n<li>Arribo a Canc\u00fan: 2015<\/li>\n<li>Estudios: Licenciado en Mercadotecnia, Universidad Aut\u00f3noma de Coahuila.<\/li>\n<li>Desarrollo profesional: Grupo W, Hotel ME Canc\u00fan.<\/li>\n<\/ul>\n<p style=\"text-align: center;\"><strong><a href=\"http:\/\/l21.mx\/wp-content\/uploads\/2016\/12\/neda-kekic.jpg\" data-rel=\"penci-gallery-image-content\" ><img loading=\"lazy\" decoding=\"async\" class=\"alignleft size-thumbnail wp-image-22677\" title=\"neda-kekic\" src=\"http:\/\/l21.mx\/wp-content\/uploads\/2016\/12\/neda-kekic-150x150.jpg\" alt=\"\" width=\"150\" height=\"150\" \/><\/a>HOTELES<\/strong><\/p>\n<p style=\"text-align: center;\"><span style=\"color: #993300;\"><strong>Neda Kekic\u00a0<\/strong><\/span><\/p>\n<ul>\n<li>asume la gerencia de PR &amp; Relaciones P\u00fablicas y Redes Sociales Corporativa de Grupo Karisma. (Puesto de nueva creaci\u00f3n).<\/li>\n<li>Lugar de origen: Serbia.<\/li>\n<li>Arribo a Riviera Maya: 2016<\/li>\n<li>Estudios: Periodismo, Master Relaciones P\u00fablicas, Universidad de Belgrado.<\/li>\n<li>Desarrollo profesional: Grupo Karisma.<\/li>\n<\/ul>\n<div><\/div>\n<div><\/div>\n","protected":false},"excerpt":{"rendered":"<p>ORGANISMOS Lizzie Cole Guerrero\u00a0 asume la direcci\u00f3n de la Oficina de Visitantes y Convenciones de Canc\u00fan&hellip;<\/p>\n","protected":false},"author":2,"featured_media":22677,"comment_status":"open","ping_status":"open","sticky":false,"template":"","format":"standard","meta":{"_acf_changed":false,"_lmt_disableupdate":"","_lmt_disable":"","_mbp_gutenberg_autopost":false,"footnotes":""},"categories":[9,23],"tags":[],"class_list":["post-22663","post","type-post","status-publish","format-standard","has-post-thumbnail","hentry","category-nombramientos","category-noticias"],"acf":[],"_links":{"self":[{"href":"https:\/\/l21.mx\/index.php?rest_route=\/wp\/v2\/posts\/22663","targetHints":{"allow":["GET"]}}],"collection":[{"href":"https:\/\/l21.mx\/index.php?rest_route=\/wp\/v2\/posts"}],"about":[{"href":"https:\/\/l21.mx\/index.php?rest_route=\/wp\/v2\/types\/post"}],"author":[{"embeddable":true,"href":"https:\/\/l21.mx\/index.php?rest_route=\/wp\/v2\/users\/2"}],"replies":[{"embeddable":true,"href":"https:\/\/l21.mx\/index.php?rest_route=%2Fwp%2Fv2%2Fcomments&post=22663"}],"version-history":[{"count":0,"href":"https:\/\/l21.mx\/index.php?rest_route=\/wp\/v2\/posts\/22663\/revisions"}],"wp:featuredmedia":[{"embeddable":true,"href":"https:\/\/l21.mx\/index.php?rest_route=\/wp\/v2\/media\/22677"}],"wp:attachment":[{"href":"https:\/\/l21.mx\/index.php?rest_route=%2Fwp%2Fv2%2Fmedia&parent=22663"}],"wp:term":[{"taxonomy":"category","embeddable":true,"href":"https:\/\/l21.mx\/index.php?rest_route=%2Fwp%2Fv2%2Fcategories&post=22663"},{"taxonomy":"post_tag","embeddable":true,"href":"https:\/\/l21.mx\/index.php?rest_route=%2Fwp%2Fv2%2Ftags&post=22663"}],"curies":[{"name":"wp","href":"https:\/\/api.w.org\/{rel}","templated":true}]}}