{"id":22790,"date":"2016-12-06T12:00:52","date_gmt":"2016-12-06T18:00:52","guid":{"rendered":"http:\/\/innovatori.space\/lat21\/?p=22790"},"modified":"2016-12-05T16:15:48","modified_gmt":"2016-12-05T22:15:48","slug":"ciudad-mayakoba-en-la-onu","status":"publish","type":"post","link":"https:\/\/l21.mx\/?p=22790","title":{"rendered":"Ciudad Mayakoba en la ONU"},"content":{"rendered":"<p><a href=\"http:\/\/l21.mx\/wp-content\/uploads\/2016\/12\/Ciudad-Mayakoba-en-la-ONU.jpg\" data-rel=\"penci-gallery-image-content\" ><img fetchpriority=\"high\" decoding=\"async\" class=\"alignleft size-medium wp-image-22793\" title=\"Ciudad-Mayakoba-en-la-ONU\" src=\"http:\/\/l21.mx\/wp-content\/uploads\/2016\/12\/Ciudad-Mayakoba-en-la-ONU-300x200.jpg\" alt=\"\" width=\"300\" height=\"200\" srcset=\"https:\/\/l21.mx\/wp-content\/uploads\/2016\/12\/Ciudad-Mayakoba-en-la-ONU-300x200.jpg 300w, https:\/\/l21.mx\/wp-content\/uploads\/2016\/12\/Ciudad-Mayakoba-en-la-ONU-768x513.jpg 768w, https:\/\/l21.mx\/wp-content\/uploads\/2016\/12\/Ciudad-Mayakoba-en-la-ONU-585x390.jpg 585w, https:\/\/l21.mx\/wp-content\/uploads\/2016\/12\/Ciudad-Mayakoba-en-la-ONU-263x175.jpg 263w, https:\/\/l21.mx\/wp-content\/uploads\/2016\/12\/Ciudad-Mayakoba-en-la-ONU.jpg 800w\" sizes=\"(max-width: 300px) 100vw, 300px\" \/><\/a>Ciudad Mayakoba en la Riviera Maya y El Parque Urbano Metropolitano representaron a M\u00e9xico en el foro H\u00e1bitat III que realiz\u00f3 la Organizaci\u00f3n de las Naciones Unidas (ONU) en Quito, Ecuador.<\/p>\n<p>Despu\u00e9s de 20 a\u00f1os, la asamblea general de la ONU convoc\u00f3 a M\u00e9xico para su conferencia H\u00e1bitat 2016, la cual tiene como columna vertebral la discusi\u00f3n y la toma de decisiones para lograr resoluciones y apuntar hacia el establecimiento de un compromiso real en la creaci\u00f3n de una agenda urbana sostenible globalizada.<\/p>\n<p>Alfonso Hern\u00e1ndez, representante del proyecto de Ciudad Mayakoba, explic\u00f3 que en la conferencia expusieron el sistema de participaci\u00f3n gobierno + ONU + Ciudad Mayakoba como caso de \u00e9xito para que otras empresas y gobiernos lo adopten, adem\u00e1s de que presentaron el dise\u00f1o \u00fanico, innovador, incluyente y sustentable del Parque Metropolitano.<\/p>\n<p>\u201cEs un foro que promueve la ONU cada 20 a\u00f1os y organiza las pol\u00edticas de poblaci\u00f3n para los siguientes 20 a\u00f1os, y a Mayakoba se le invit\u00f3 por la iniciativa que lleva a cabo con el municipio y hablamos de lo que se realiza en la Riviera Maya\u201d.<\/p>\n<p>El ejecutivo coment\u00f3 que a trav\u00e9s de Ciudad Mayakoba, M\u00e9xico expone su capacidad de crear innovaci\u00f3n en propuestas inteligentes que llevan m\u00e1s all\u00e1 la sustentabilidad e inclusi\u00f3n, y con ello deja ver claramente el gran nivel alcanzado, que es comparable, sin duda, a los mejores del mundo.<\/p>\n<div><\/div>\n","protected":false},"excerpt":{"rendered":"<p>Ciudad Mayakoba en la Riviera Maya y El Parque Urbano Metropolitano representaron a M\u00e9xico en el&hellip;<\/p>\n","protected":false},"author":2,"featured_media":22793,"comment_status":"open","ping_status":"open","sticky":false,"template":"","format":"standard","meta":{"_acf_changed":false,"_lmt_disableupdate":"","_lmt_disable":"","_mbp_gutenberg_autopost":false,"footnotes":""},"categories":[4,23],"tags":[],"class_list":["post-22790","post","type-post","status-publish","format-standard","has-post-thumbnail","hentry","category-empresas-y-negocios","category-noticias"],"acf":[],"_links":{"self":[{"href":"https:\/\/l21.mx\/index.php?rest_route=\/wp\/v2\/posts\/22790","targetHints":{"allow":["GET"]}}],"collection":[{"href":"https:\/\/l21.mx\/index.php?rest_route=\/wp\/v2\/posts"}],"about":[{"href":"https:\/\/l21.mx\/index.php?rest_route=\/wp\/v2\/types\/post"}],"author":[{"embeddable":true,"href":"https:\/\/l21.mx\/index.php?rest_route=\/wp\/v2\/users\/2"}],"replies":[{"embeddable":true,"href":"https:\/\/l21.mx\/index.php?rest_route=%2Fwp%2Fv2%2Fcomments&post=22790"}],"version-history":[{"count":0,"href":"https:\/\/l21.mx\/index.php?rest_route=\/wp\/v2\/posts\/22790\/revisions"}],"wp:featuredmedia":[{"embeddable":true,"href":"https:\/\/l21.mx\/index.php?rest_route=\/wp\/v2\/media\/22793"}],"wp:attachment":[{"href":"https:\/\/l21.mx\/index.php?rest_route=%2Fwp%2Fv2%2Fmedia&parent=22790"}],"wp:term":[{"taxonomy":"category","embeddable":true,"href":"https:\/\/l21.mx\/index.php?rest_route=%2Fwp%2Fv2%2Fcategories&post=22790"},{"taxonomy":"post_tag","embeddable":true,"href":"https:\/\/l21.mx\/index.php?rest_route=%2Fwp%2Fv2%2Ftags&post=22790"}],"curies":[{"name":"wp","href":"https:\/\/api.w.org\/{rel}","templated":true}]}}