{"id":22884,"date":"2016-12-07T09:18:25","date_gmt":"2016-12-07T15:18:25","guid":{"rendered":"http:\/\/innovatori.space\/lat21\/?p=22884"},"modified":"2016-12-07T09:18:25","modified_gmt":"2016-12-07T15:18:25","slug":"el-parque-de-playa-langosta-se-estrenara-antes-de-navidad","status":"publish","type":"post","link":"https:\/\/l21.mx\/?p=22884","title":{"rendered":"El parque de playa Langosta se estrenar\u00e1 antes de Navidad"},"content":{"rendered":"<p><a href=\"http:\/\/l21.mx\/wp-content\/uploads\/2016\/12\/CvEd-u5VIAAiLgT.jpg\" data-rel=\"penci-gallery-image-content\" ><img fetchpriority=\"high\" decoding=\"async\" class=\"aligncenter size-full wp-image-22886\" title=\"CvEd-u5VIAAiLgT\" src=\"http:\/\/l21.mx\/wp-content\/uploads\/2016\/12\/CvEd-u5VIAAiLgT.jpg\" alt=\"\" width=\"906\" height=\"322\" srcset=\"https:\/\/l21.mx\/wp-content\/uploads\/2016\/12\/CvEd-u5VIAAiLgT.jpg 906w, https:\/\/l21.mx\/wp-content\/uploads\/2016\/12\/CvEd-u5VIAAiLgT-300x107.jpg 300w, https:\/\/l21.mx\/wp-content\/uploads\/2016\/12\/CvEd-u5VIAAiLgT-768x273.jpg 768w, https:\/\/l21.mx\/wp-content\/uploads\/2016\/12\/CvEd-u5VIAAiLgT-585x208.jpg 585w\" sizes=\"(max-width: 906px) 100vw, 906px\" \/><\/a>La conversi\u00f3n de playa Langosta en parque p\u00fablico podr\u00eda estar concluida a mediados de diciembre y \u2018estrenarse\u2019 antes de Navidad, indic\u00f3 el encargado de despacho del\u00a0<strong>Fondo Nacional de Fomento al Turismo (Fonatur)<\/strong>, Franco Juan Carre\u00f1o Osorio.<\/p>\n<p>\u201cLleva 60 por ciento de avance y estar\u00e1 lista el 20 de diciembre para que en la temporada de vacaciones la gente lo pueda utilizar. El secretario de turismo,\u00a0<strong>Enrique de la Madrid Cordero<\/strong>, vendr\u00e1 a inaugurarlo\u201d, adelant\u00f3, informa el portal web local del peri\u00f3dico La Jornada (lajornadamaya.mx).<\/p>\n<p>El funcionario coment\u00f3 que en el lugar ya se demolieron todas las estructuras y se est\u00e1 haciendo la base y los dos m\u00f3dulos donde estar\u00e1n los ba\u00f1os p\u00fablicos, el \u00e1rea de servicios y espacios p\u00fablicos, as\u00ed como el \u00e1rea de concesiones donde habr\u00e1 una tienda de conveniencia.<\/p>\n<p>Agreg\u00f3 que la dependencia sigue confiando en Canc\u00fan y prueba de ello es que para 2017 se buscar\u00e1 consolidar el destino atendiendo todo el bulevar Kukulc\u00e1n (29 kil\u00f3metros de la Zona Hotelera) y las calles aleda\u00f1as.<\/p>\n<p>\u201cEl dinero que tenemos autorizado es de 140 millones de pesos para el pr\u00f3ximo a\u00f1o, monto que ser\u00eda destinado a seguir modernizando las tres plantas tratadoras de agua en otras etapas,<strong>ampliar la capacidad de la de Pok Ta Pok<\/strong>\u00a0porque ya lo requiere la zona, la sustituci\u00f3n de luminarias con tecnolog\u00eda led, adem\u00e1s de la colocaci\u00f3n de se\u00f1al\u00e9tica\u201d, dijo.<\/p>\n","protected":false},"excerpt":{"rendered":"<p>La conversi\u00f3n de playa Langosta en parque p\u00fablico podr\u00eda estar concluida a mediados de diciembre y&hellip;<\/p>\n","protected":false},"author":2,"featured_media":22888,"comment_status":"open","ping_status":"open","sticky":false,"template":"","format":"standard","meta":{"_acf_changed":false,"_lmt_disableupdate":"","_lmt_disable":"","_mbp_gutenberg_autopost":false,"footnotes":""},"categories":[4,23,8],"tags":[],"class_list":["post-22884","post","type-post","status-publish","format-standard","has-post-thumbnail","hentry","category-empresas-y-negocios","category-noticias","category-turismo"],"acf":[],"_links":{"self":[{"href":"https:\/\/l21.mx\/index.php?rest_route=\/wp\/v2\/posts\/22884","targetHints":{"allow":["GET"]}}],"collection":[{"href":"https:\/\/l21.mx\/index.php?rest_route=\/wp\/v2\/posts"}],"about":[{"href":"https:\/\/l21.mx\/index.php?rest_route=\/wp\/v2\/types\/post"}],"author":[{"embeddable":true,"href":"https:\/\/l21.mx\/index.php?rest_route=\/wp\/v2\/users\/2"}],"replies":[{"embeddable":true,"href":"https:\/\/l21.mx\/index.php?rest_route=%2Fwp%2Fv2%2Fcomments&post=22884"}],"version-history":[{"count":0,"href":"https:\/\/l21.mx\/index.php?rest_route=\/wp\/v2\/posts\/22884\/revisions"}],"wp:featuredmedia":[{"embeddable":true,"href":"https:\/\/l21.mx\/index.php?rest_route=\/wp\/v2\/media\/22888"}],"wp:attachment":[{"href":"https:\/\/l21.mx\/index.php?rest_route=%2Fwp%2Fv2%2Fmedia&parent=22884"}],"wp:term":[{"taxonomy":"category","embeddable":true,"href":"https:\/\/l21.mx\/index.php?rest_route=%2Fwp%2Fv2%2Fcategories&post=22884"},{"taxonomy":"post_tag","embeddable":true,"href":"https:\/\/l21.mx\/index.php?rest_route=%2Fwp%2Fv2%2Ftags&post=22884"}],"curies":[{"name":"wp","href":"https:\/\/api.w.org\/{rel}","templated":true}]}}