{"id":22923,"date":"2016-12-08T11:35:11","date_gmt":"2016-12-08T17:35:11","guid":{"rendered":"http:\/\/innovatori.space\/lat21\/?p=22923"},"modified":"2016-12-08T15:32:14","modified_gmt":"2016-12-08T21:32:14","slug":"cancun-fue-el-destino-mas-visitado-de-mexico-en-el-2016","status":"publish","type":"post","link":"https:\/\/l21.mx\/?p=22923","title":{"rendered":"Canc\u00fan fue el destino m\u00e1s visitado de M\u00e9xico en este 2016"},"content":{"rendered":"<p><a href=\"http:\/\/l21.mx\/wp-content\/uploads\/2016\/12\/Cancun-43.jpg\" data-rel=\"penci-gallery-image-content\" ><img fetchpriority=\"high\" decoding=\"async\" class=\"aligncenter size-large wp-image-22924\" title=\"Cancun Strand Luftbild\" src=\"http:\/\/l21.mx\/wp-content\/uploads\/2016\/12\/Cancun-43-1024x575.jpg\" alt=\"\" width=\"1024\" height=\"575\" srcset=\"https:\/\/l21.mx\/wp-content\/uploads\/2016\/12\/Cancun-43-1024x575.jpg 1024w, https:\/\/l21.mx\/wp-content\/uploads\/2016\/12\/Cancun-43-300x169.jpg 300w, https:\/\/l21.mx\/wp-content\/uploads\/2016\/12\/Cancun-43-768x431.jpg 768w, https:\/\/l21.mx\/wp-content\/uploads\/2016\/12\/Cancun-43-1536x863.jpg 1536w, https:\/\/l21.mx\/wp-content\/uploads\/2016\/12\/Cancun-43-2048x1150.jpg 2048w, https:\/\/l21.mx\/wp-content\/uploads\/2016\/12\/Cancun-43-1920x1079.jpg 1920w, https:\/\/l21.mx\/wp-content\/uploads\/2016\/12\/Cancun-43-1170x657.jpg 1170w, https:\/\/l21.mx\/wp-content\/uploads\/2016\/12\/Cancun-43-585x329.jpg 585w\" sizes=\"(max-width: 1024px) 100vw, 1024px\" \/><\/a>V\u00eda: <a href=\"http:\/\/www.elfinanciero.com.mx\/\" target=\"_blank\" rel=\"noopener\">El Financiero<\/a>. <strong>Canc\u00fan<\/strong> se posicion\u00f3 como el destino m\u00e1s concurrido durante este a\u00f1o, con alrededor de <strong>3.3 millones de visitantes<\/strong>, lo que representa <strong>31.5<\/strong> por ciento de los visitantes en territorio nacional, se\u00f1al\u00f3<a href=\"http:\/\/almundo.com\/\" target=\"_blank\" rel=\"noopener\"> Almundo.com<\/a>.<\/p>\n<p>La agencia de viajes por Internet destac\u00f3 que <strong>Canc\u00fan<\/strong> se posiciona cada a\u00f1o como uno de los tres destinos favoritos a nivel nacional, pero principalmente en el gusto de los viajeros internacionales, por sus playas blancas y su buen clima, incluso en invierno.<\/p>\n<p>Indic\u00f3 que este destino, conocido como la <strong>entrada al mundo maya<\/strong>, tambi\u00e9n se caracteriza por sus<strong> zonas arqueol\u00f3gicas<\/strong>, as\u00ed como por la gran diversidad de nacionalidades que se pueden encontrar en cualquier \u00e9poca del a\u00f1o.<\/p>\n<p>Por ello, es de vital importancia seguir fomentando las visitas a esta ciudad y a la <strong>Rivera Maya, Cozumel, Playa del Carmen y Tulum<\/strong>, ya que para Europa y Canad\u00e1 esta regi\u00f3n se posiciona como el destino favorito de invierno.<\/p>\n<p>La agencia de viajes a\u00f1adi\u00f3 que la apertura comercial entre Cuba y Estados Unidos ha tra\u00eddo como consecuencia un alza considerable en los precios, que ciudadanos canadienses no pueden cubrir, por lo que el destino mexicano se convierte en el lugar ideal para vacacionar en el Caribe.<\/p>\n<p>De tal forma, la <strong>Oficina de Convenciones y Turismo de Canc\u00fan<\/strong> se ha dado a la tarea de atraer a dichos viajeros a la isla, los cuales representan el tercer principal mercado del destino, adem\u00e1s de una derrama econ\u00f3mica de mil d\u00f3lares por persona.<\/p>\n","protected":false},"excerpt":{"rendered":"<p>V\u00eda: El Financiero. Canc\u00fan se posicion\u00f3 como el destino m\u00e1s concurrido durante este a\u00f1o, con alrededor&hellip;<\/p>\n","protected":false},"author":2,"featured_media":22926,"comment_status":"open","ping_status":"open","sticky":false,"template":"","format":"standard","meta":{"_acf_changed":false,"_lmt_disableupdate":"","_lmt_disable":"","_mbp_gutenberg_autopost":false,"footnotes":""},"categories":[4,23,8],"tags":[],"class_list":["post-22923","post","type-post","status-publish","format-standard","has-post-thumbnail","hentry","category-empresas-y-negocios","category-noticias","category-turismo"],"acf":[],"_links":{"self":[{"href":"https:\/\/l21.mx\/index.php?rest_route=\/wp\/v2\/posts\/22923","targetHints":{"allow":["GET"]}}],"collection":[{"href":"https:\/\/l21.mx\/index.php?rest_route=\/wp\/v2\/posts"}],"about":[{"href":"https:\/\/l21.mx\/index.php?rest_route=\/wp\/v2\/types\/post"}],"author":[{"embeddable":true,"href":"https:\/\/l21.mx\/index.php?rest_route=\/wp\/v2\/users\/2"}],"replies":[{"embeddable":true,"href":"https:\/\/l21.mx\/index.php?rest_route=%2Fwp%2Fv2%2Fcomments&post=22923"}],"version-history":[{"count":0,"href":"https:\/\/l21.mx\/index.php?rest_route=\/wp\/v2\/posts\/22923\/revisions"}],"wp:featuredmedia":[{"embeddable":true,"href":"https:\/\/l21.mx\/index.php?rest_route=\/wp\/v2\/media\/22926"}],"wp:attachment":[{"href":"https:\/\/l21.mx\/index.php?rest_route=%2Fwp%2Fv2%2Fmedia&parent=22923"}],"wp:term":[{"taxonomy":"category","embeddable":true,"href":"https:\/\/l21.mx\/index.php?rest_route=%2Fwp%2Fv2%2Fcategories&post=22923"},{"taxonomy":"post_tag","embeddable":true,"href":"https:\/\/l21.mx\/index.php?rest_route=%2Fwp%2Fv2%2Ftags&post=22923"}],"curies":[{"name":"wp","href":"https:\/\/api.w.org\/{rel}","templated":true}]}}