{"id":22936,"date":"2016-12-09T12:49:51","date_gmt":"2016-12-09T18:49:51","guid":{"rendered":"http:\/\/innovatori.space\/lat21\/?p=22936"},"modified":"2016-12-09T12:52:18","modified_gmt":"2016-12-09T18:52:18","slug":"mundo-maya-estrategico-para-desarrollo-turistico-de-la-region","status":"publish","type":"post","link":"https:\/\/l21.mx\/?p=22936","title":{"rendered":"Mundo Maya, estrat\u00e9gico para desarrollo tur\u00edstico de la regi\u00f3n"},"content":{"rendered":"<p><a href=\"http:\/\/l21.mx\/wp-content\/uploads\/2016\/12\/chi.jpg\" data-rel=\"penci-gallery-image-content\" ><img fetchpriority=\"high\" decoding=\"async\" class=\"aligncenter size-full wp-image-22938\" title=\"chi\" src=\"http:\/\/l21.mx\/wp-content\/uploads\/2016\/12\/chi.jpg\" alt=\"\" width=\"960\" height=\"640\" srcset=\"https:\/\/l21.mx\/wp-content\/uploads\/2016\/12\/chi.jpg 960w, https:\/\/l21.mx\/wp-content\/uploads\/2016\/12\/chi-300x200.jpg 300w, https:\/\/l21.mx\/wp-content\/uploads\/2016\/12\/chi-768x512.jpg 768w, https:\/\/l21.mx\/wp-content\/uploads\/2016\/12\/chi-585x390.jpg 585w, https:\/\/l21.mx\/wp-content\/uploads\/2016\/12\/chi-263x175.jpg 263w\" sizes=\"(max-width: 960px) 100vw, 960px\" \/><\/a>Canc\u00fan, Q. Roo.- En el marco de la cumbre\u00a0<strong>COP13<\/strong>, representantes de\u00a0<strong>5 pa\u00edses<\/strong>\u00a0de la\u00a0<strong>Organizaci\u00f3n Mundo Maya<\/strong>\u00a0sostuvieron una reuni\u00f3n de trabajo para definir la estrategia que seguir\u00e1 en los pr\u00f3ximos dos a\u00f1os.<\/p>\n<p>El secretario de Turismo,\u00a0<strong>Enrique de la Madrid<\/strong>, resalt\u00f3 que entre los objetivos de la organizaci\u00f3n est\u00e1n impulsar pol\u00edticas p\u00fablicas que favorezcan la regi\u00f3n y fortalezcan la creaci\u00f3n de multi-destinos.\u00a0<span style=\"font-weight: 300;\">Adem\u00e1s de promover el di\u00e1logo y trabajo entre la industria y los gobiernos, lo cual es\u00a0<\/span><strong>fundamental<\/strong><span style=\"font-weight: 300;\">\u00a0para\u00a0<\/span><strong>potencializar<\/strong><span style=\"font-weight: 300;\">\u00a0de la regi\u00f3n del\u00a0<\/span><strong>Mundo Maya<\/strong><span style=\"font-weight: 300;\">.<\/span><\/p>\n<p>El funcionario federal tambi\u00e9n resalt\u00f3 que la Organizaci\u00f3n Mundo Maya<strong>\u00a0(OMM)<\/strong>, cuenta con un enorme potencial de integraci\u00f3n\u00a0 y capacidad para genera un desarrollo tur\u00edstico incluyente que beneficie a los habitantes de la regi\u00f3n.<\/p>\n<p>Al presidir la reuni\u00f3n de trabajo de la organizaci\u00f3n que est\u00e1 integrada por\u00a0<strong>Belice, El Salvador, Guatemala, Honduras y M\u00e9xico<\/strong>,\u00a0<strong>De la Madrid\u00a0<\/strong>reitero la relevancia de sumar esfuerzos con la iniciativa privada para impulsar la conectividad entre los destinos y ampliar la oferta\u00a0<strong>tur\u00edstica<\/strong>\u00a0de la regi\u00f3n.<\/p>\n<p><span style=\"font-weight: 300;\">En marzo pasado, el gobierno de\u00a0<\/span><strong>M\u00e9xico<\/strong><span style=\"font-weight: 300;\">, a trav\u00e9s de la Sectur, recibi\u00f3 la Presidencia Pro Tempore de la OMM. Asimismo, present\u00f3 una agenda de trabajo basada en cuatro ejes fundamentales:\u00a0<\/span><strong>conectividad<\/strong><span style=\"font-weight: 300;\">,\u00a0<\/span><strong>infraestructura<\/strong><span style=\"font-weight: 300;\">\u00a0y\u00a0<\/span><strong>se\u00f1alizaci\u00f3n<\/strong><span style=\"font-weight: 300;\">; facilitaci\u00f3n de viajes; desarrollo de productos; y promoci\u00f3n y\u00a0<\/span><strong>comercializaci\u00f3n<\/strong><span style=\"font-weight: 300;\">.<\/span><\/p>\n<p>La\u00a0<strong>OMM<\/strong>\u00a0se fund\u00f3 en 1992 para coordinar, asistir y estimular el desarrollo tur\u00edstico, cultural y ambiental de la regi\u00f3n donde se desarroll\u00f3 la civilizaci\u00f3n Maya.<\/p>\n","protected":false},"excerpt":{"rendered":"<p>Canc\u00fan, Q. Roo.- En el marco de la cumbre\u00a0COP13, representantes de\u00a05 pa\u00edses\u00a0de la\u00a0Organizaci\u00f3n Mundo Maya\u00a0sostuvieron una&hellip;<\/p>\n","protected":false},"author":2,"featured_media":22940,"comment_status":"open","ping_status":"open","sticky":false,"template":"","format":"standard","meta":{"_acf_changed":false,"_lmt_disableupdate":"","_lmt_disable":"","_mbp_gutenberg_autopost":false,"footnotes":""},"categories":[23,8],"tags":[],"class_list":["post-22936","post","type-post","status-publish","format-standard","has-post-thumbnail","hentry","category-noticias","category-turismo"],"acf":[],"_links":{"self":[{"href":"https:\/\/l21.mx\/index.php?rest_route=\/wp\/v2\/posts\/22936","targetHints":{"allow":["GET"]}}],"collection":[{"href":"https:\/\/l21.mx\/index.php?rest_route=\/wp\/v2\/posts"}],"about":[{"href":"https:\/\/l21.mx\/index.php?rest_route=\/wp\/v2\/types\/post"}],"author":[{"embeddable":true,"href":"https:\/\/l21.mx\/index.php?rest_route=\/wp\/v2\/users\/2"}],"replies":[{"embeddable":true,"href":"https:\/\/l21.mx\/index.php?rest_route=%2Fwp%2Fv2%2Fcomments&post=22936"}],"version-history":[{"count":0,"href":"https:\/\/l21.mx\/index.php?rest_route=\/wp\/v2\/posts\/22936\/revisions"}],"wp:featuredmedia":[{"embeddable":true,"href":"https:\/\/l21.mx\/index.php?rest_route=\/wp\/v2\/media\/22940"}],"wp:attachment":[{"href":"https:\/\/l21.mx\/index.php?rest_route=%2Fwp%2Fv2%2Fmedia&parent=22936"}],"wp:term":[{"taxonomy":"category","embeddable":true,"href":"https:\/\/l21.mx\/index.php?rest_route=%2Fwp%2Fv2%2Fcategories&post=22936"},{"taxonomy":"post_tag","embeddable":true,"href":"https:\/\/l21.mx\/index.php?rest_route=%2Fwp%2Fv2%2Ftags&post=22936"}],"curies":[{"name":"wp","href":"https:\/\/api.w.org\/{rel}","templated":true}]}}