{"id":22993,"date":"2016-12-13T09:55:03","date_gmt":"2016-12-13T15:55:03","guid":{"rendered":"http:\/\/innovatori.space\/lat21\/?p=22993"},"modified":"2016-12-13T09:55:03","modified_gmt":"2016-12-13T15:55:03","slug":"cancun-recibira-a-los-mejores-esgrimistas-del-mundo","status":"publish","type":"post","link":"https:\/\/l21.mx\/?p=22993","title":{"rendered":"Canc\u00fan recibir\u00e1 a los mejores esgrimistas del mundo"},"content":{"rendered":"<p><a href=\"http:\/\/l21.mx\/wp-content\/uploads\/2016\/12\/78481474.jpg\" data-rel=\"penci-gallery-image-content\" ><img fetchpriority=\"high\" decoding=\"async\" class=\"aligncenter size-large wp-image-22994\" title=\"78481474\" src=\"http:\/\/l21.mx\/wp-content\/uploads\/2016\/12\/78481474-1024x682.jpg\" alt=\"\" width=\"1024\" height=\"682\" \/><\/a>Canc\u00fan recibir\u00e1 el Grand Prix de Sable Femenil y Varonil durante tres d\u00edas, evento que la\u00a0<strong>Federaci\u00f3n Internacional de Esgrima<\/strong>\u00a0le conf\u00edo a la Federaci\u00f3n Mexicana de Esgrima.<\/p>\n<p>De acuerdo con el portal de noticias Milienio, tres mil de los mejores esgrimistas de todo el mundo har\u00e1n su arribo a Quintana Roo desde el 16 hasta el 18 de diciembre del presente a\u00f1o.<\/p>\n<p>El torneo es parte del circuito organizado por la\u00a0<strong>Federaci\u00f3n Internacional de la especialidad<\/strong>\u00a0y est\u00e1 compuesta de nueve diferentes competencias.<\/p>\n<div id=\"gmail-div-gpt-ad-inread\"><span style=\"font-weight: 300;\">Canc\u00fan es la primera fecha y las siguientes se llevar\u00e1n a cabo en Se\u00fal y Mosc\u00fa, respectivamente.<\/span><\/div>\n<div><\/div>\n","protected":false},"excerpt":{"rendered":"<p>Canc\u00fan recibir\u00e1 el Grand Prix de Sable Femenil y Varonil durante tres d\u00edas, evento que la\u00a0Federaci\u00f3n&hellip;<\/p>\n","protected":false},"author":2,"featured_media":22996,"comment_status":"open","ping_status":"open","sticky":false,"template":"","format":"standard","meta":{"_acf_changed":false,"_lmt_disableupdate":"","_lmt_disable":"","_mbp_gutenberg_autopost":false,"footnotes":""},"categories":[23,8],"tags":[],"class_list":["post-22993","post","type-post","status-publish","format-standard","has-post-thumbnail","hentry","category-noticias","category-turismo"],"acf":[],"_links":{"self":[{"href":"https:\/\/l21.mx\/index.php?rest_route=\/wp\/v2\/posts\/22993","targetHints":{"allow":["GET"]}}],"collection":[{"href":"https:\/\/l21.mx\/index.php?rest_route=\/wp\/v2\/posts"}],"about":[{"href":"https:\/\/l21.mx\/index.php?rest_route=\/wp\/v2\/types\/post"}],"author":[{"embeddable":true,"href":"https:\/\/l21.mx\/index.php?rest_route=\/wp\/v2\/users\/2"}],"replies":[{"embeddable":true,"href":"https:\/\/l21.mx\/index.php?rest_route=%2Fwp%2Fv2%2Fcomments&post=22993"}],"version-history":[{"count":0,"href":"https:\/\/l21.mx\/index.php?rest_route=\/wp\/v2\/posts\/22993\/revisions"}],"wp:featuredmedia":[{"embeddable":true,"href":"https:\/\/l21.mx\/index.php?rest_route=\/wp\/v2\/media\/22996"}],"wp:attachment":[{"href":"https:\/\/l21.mx\/index.php?rest_route=%2Fwp%2Fv2%2Fmedia&parent=22993"}],"wp:term":[{"taxonomy":"category","embeddable":true,"href":"https:\/\/l21.mx\/index.php?rest_route=%2Fwp%2Fv2%2Fcategories&post=22993"},{"taxonomy":"post_tag","embeddable":true,"href":"https:\/\/l21.mx\/index.php?rest_route=%2Fwp%2Fv2%2Ftags&post=22993"}],"curies":[{"name":"wp","href":"https:\/\/api.w.org\/{rel}","templated":true}]}}