{"id":23011,"date":"2016-12-13T15:24:39","date_gmt":"2016-12-13T21:24:39","guid":{"rendered":"http:\/\/innovatori.space\/lat21\/?p=23011"},"modified":"2016-12-13T16:05:17","modified_gmt":"2016-12-13T22:05:17","slug":"xcaret-y-conanp-fortalecen-programa-de-conservacion-de-la-guacamaya-roja","status":"publish","type":"post","link":"https:\/\/l21.mx\/?p=23011","title":{"rendered":"Xcaret y Conanp fortalecen Programa de Conservaci\u00f3n de la Guacamaya Roja"},"content":{"rendered":"<p><a href=\"http:\/\/l21.mx\/wp-content\/uploads\/2016\/12\/Guacamayas-.jpg\" data-rel=\"penci-gallery-image-content\" ><img fetchpriority=\"high\" decoding=\"async\" class=\"aligncenter size-large wp-image-23012\" title=\"Guacamayas-\" src=\"http:\/\/l21.mx\/wp-content\/uploads\/2016\/12\/Guacamayas--1024x624.jpg\" alt=\"\" width=\"1024\" height=\"624\" \/><\/a>En el marco de la Conferencia de la Naciones Unidas sobre Biodiversidad (COP 13), que se realiza en Canc\u00fan, Quintana Roo, la Comisi\u00f3n Nacional de \u00c1reas Naturales Protegidas (CONANP) y <strong>Grupo Experiencias Xcaret<\/strong> suscribieron un convenio para el fortalecimiento del Programa de Recuperaci\u00f3n de la <strong>Guacamaya Roja<\/strong> en las selvas de <strong>M\u00e9xico<\/strong>.<\/p>\n<p>El acuerdo formaliza acciones de colaboraci\u00f3n conjunta en educaci\u00f3n ambiental, manejo de espec\u00edmenes, investigaci\u00f3n, capacitaci\u00f3n y financiamiento, orientados a la reproducci\u00f3n y reintroducci\u00f3n de la Guacamaya Roja en \u00e1reas naturales susceptibles de recibirlas, lo cual permitir\u00e1 ampliar los resultados obtenidos hasta ahora en la cruzada por la conservaci\u00f3n de la especie.<\/p>\n<p>La Guacamaya Roja forma parte de la lista de especies en riesgo en nuestro pa\u00eds y figura en la lista de la Convenci\u00f3n sobre el Comercio Internacional de Especies Amenazadas de Fauna y Flora Silvestres (CITES). No obstante, en poco m\u00e1s de 3 a\u00f1os la poblaci\u00f3n de guacamaya roja en vida silvestre en M\u00e9xico casi se ha duplicado, gracias al programa de reintroducci\u00f3n de la especie en los estados de Chiapas y Veracruz, impulsado por Grupo Experiencias Xcaret junto con especialistas de la UNAM, organizaciones de la sociedad civil, as\u00ed como autoridades locales, estatales y federales.<\/p>\n<p>Entre otras acciones el acuerdo permitir\u00e1 identificar las \u00e1reas potenciales con la cobertura vegetal que proporcione los recursos b\u00e1sicos para la sobrevivencia (alimentaci\u00f3n, percha y anidaci\u00f3n) de las poblaciones reintroducidas. Tambi\u00e9n se promover\u00e1 que los pobladores locales de las zonas donde se produzcan liberaciones, hagan suyo el cuidado del entorno y hagan de la especie un emblema de su patrimonio natural.<\/p>\n<p><strong>ACERCA DE XCARET<\/strong><\/p>\n<p>Xcaret es parque dedicado a la recreaci\u00f3n tur\u00edstica sustentable que desde 1990 sostiene buenas pr\u00e1cticas a favor del bienestar animal y la vida silvestre en M\u00e9xico. Es aliado de las autoridades federales en el resguardo y protecci\u00f3n de especies afectadas por varamientos, accidentes, destrucci\u00f3n de h\u00e1bitats y tr\u00e1fico ilegal. La seriedad de sus programas de preservaci\u00f3n de la tortuga marina y la guacamaya roja tienen reconocimiento internacional.<\/p>\n","protected":false},"excerpt":{"rendered":"<p>En el marco de la Conferencia de la Naciones Unidas sobre Biodiversidad (COP 13), que se&hellip;<\/p>\n","protected":false},"author":2,"featured_media":23014,"comment_status":"open","ping_status":"open","sticky":false,"template":"","format":"standard","meta":{"_acf_changed":false,"_lmt_disableupdate":"","_lmt_disable":"","_mbp_gutenberg_autopost":false,"footnotes":""},"categories":[23,8],"tags":[],"class_list":["post-23011","post","type-post","status-publish","format-standard","has-post-thumbnail","hentry","category-noticias","category-turismo"],"acf":[],"_links":{"self":[{"href":"https:\/\/l21.mx\/index.php?rest_route=\/wp\/v2\/posts\/23011","targetHints":{"allow":["GET"]}}],"collection":[{"href":"https:\/\/l21.mx\/index.php?rest_route=\/wp\/v2\/posts"}],"about":[{"href":"https:\/\/l21.mx\/index.php?rest_route=\/wp\/v2\/types\/post"}],"author":[{"embeddable":true,"href":"https:\/\/l21.mx\/index.php?rest_route=\/wp\/v2\/users\/2"}],"replies":[{"embeddable":true,"href":"https:\/\/l21.mx\/index.php?rest_route=%2Fwp%2Fv2%2Fcomments&post=23011"}],"version-history":[{"count":0,"href":"https:\/\/l21.mx\/index.php?rest_route=\/wp\/v2\/posts\/23011\/revisions"}],"wp:featuredmedia":[{"embeddable":true,"href":"https:\/\/l21.mx\/index.php?rest_route=\/wp\/v2\/media\/23014"}],"wp:attachment":[{"href":"https:\/\/l21.mx\/index.php?rest_route=%2Fwp%2Fv2%2Fmedia&parent=23011"}],"wp:term":[{"taxonomy":"category","embeddable":true,"href":"https:\/\/l21.mx\/index.php?rest_route=%2Fwp%2Fv2%2Fcategories&post=23011"},{"taxonomy":"post_tag","embeddable":true,"href":"https:\/\/l21.mx\/index.php?rest_route=%2Fwp%2Fv2%2Ftags&post=23011"}],"curies":[{"name":"wp","href":"https:\/\/api.w.org\/{rel}","templated":true}]}}