{"id":23142,"date":"2016-12-20T17:03:09","date_gmt":"2016-12-20T23:03:09","guid":{"rendered":"http:\/\/innovatori.space\/lat21\/?p=23142"},"modified":"2016-12-20T17:03:09","modified_gmt":"2016-12-20T23:03:09","slug":"sedetur-busca-fortalecer-productos-turisticos-para-no-depender-de-temporadas","status":"publish","type":"post","link":"https:\/\/l21.mx\/?p=23142","title":{"rendered":"Sedetur busca fortalecer productos tur\u00edsticos para no depender de temporadas"},"content":{"rendered":"<p><a href=\"http:\/\/l21.mx\/wp-content\/uploads\/2016\/12\/ruina-.jpg\" data-rel=\"penci-gallery-image-content\" ><img fetchpriority=\"high\" decoding=\"async\" class=\"aligncenter size-full wp-image-23143\" title=\"ruina-\" src=\"http:\/\/l21.mx\/wp-content\/uploads\/2016\/12\/ruina-.jpg\" alt=\"\" width=\"600\" height=\"336\" srcset=\"https:\/\/l21.mx\/wp-content\/uploads\/2016\/12\/ruina-.jpg 600w, https:\/\/l21.mx\/wp-content\/uploads\/2016\/12\/ruina--300x168.jpg 300w, https:\/\/l21.mx\/wp-content\/uploads\/2016\/12\/ruina--585x328.jpg 585w\" sizes=\"(max-width: 600px) 100vw, 600px\" \/><\/a>V\u00eda:<a href=\"https:\/\/www.lajornadamaya.mx\/\"> La Jornada Maya<\/a>. La Secretar\u00eda Estatal de Turismo (SEDETUR) ha sostenido reuniones con los directores de turismo de los 11 municipios, asociaciones y c\u00e1maras empresariales del norte, centro y sur para presentar el Plan Estatal de Trabajo.<\/p>\n<p>En las ciudades de Canc\u00fan, Playa del Carmen, Tulum y Chetumal, la titular del ramo Marisol Vanegas P\u00e9rez ha expuesto a diversos actores y aliados de la industria, los proyectos emblem\u00e1ticos que el nuevo gobierno de Carlos Joaqu\u00edn promueve en materia tur\u00edstica para no depender solamente de las temporadas.<\/p>\n<p>Con la apertura de la zona arqueol\u00f3gica Ichkabal ubicada en el municipio de Bacalar, acci\u00f3n coordinada entre la SEDETUR y el Instituto Nacional de Antropolog\u00eda e Historia (INAH) se busca detonar el turismo en la zona sur de Quintana Roo y beneficiar a todas las familias y no solo para unos cu\u00e1ntas.<\/p>\n<p>El programa Viajemos por Quintana Roo fomentar\u00e1 el orgullo de la poblaci\u00f3n local y la pertenencia al para\u00edso al que miles de ciudadanos refieren vivir pero sin sentirse parte de \u00e9l.<\/p>\n<p>Entre las acciones presentadas por la SEDETUR destacan la operaci\u00f3n del Gabinete Tur\u00edstico, el Consejo de Promoci\u00f3n Tur\u00edstica de Quintana Roo (CPTQ), acciones de ordenamiento tur\u00edstico, el fortalecimiento de la oferta con fondos de infraestructura para mejorar la competitividad de los destinos incluyendo a los denominados \u201cPueblos M\u00e1gicos\u201d, as\u00ed como la instalaci\u00f3n de un centro de investigaci\u00f3n y estad\u00edstica tur\u00edstica.<\/p>\n<p>Durante los encuentros, la SEDETUR ofreci\u00f3 apoyo a los 11 municipios para la elaboraci\u00f3n de planes de turismo, capacitaci\u00f3n y cultura tur\u00edstica, anunci\u00f3 la gesti\u00f3n de nuevos vuelos y la realizaci\u00f3n de prestigiados eventos que permitir\u00e1n fortalecer la promoci\u00f3n del Caribe Mexicano en el mapa tur\u00edstico internacional. El Plan Estatal de Trabajo se ha nutrido con las opiniones del sector en busca de consolidar un Quintana Roo m\u00e1s moderno y con oportunidades para todos.<\/p>\n","protected":false},"excerpt":{"rendered":"<p>V\u00eda: La Jornada Maya. La Secretar\u00eda Estatal de Turismo (SEDETUR) ha sostenido reuniones con los directores&hellip;<\/p>\n","protected":false},"author":2,"featured_media":23145,"comment_status":"open","ping_status":"open","sticky":false,"template":"","format":"standard","meta":{"_acf_changed":false,"_lmt_disableupdate":"","_lmt_disable":"","_mbp_gutenberg_autopost":false,"footnotes":""},"categories":[23,8],"tags":[],"class_list":["post-23142","post","type-post","status-publish","format-standard","has-post-thumbnail","hentry","category-noticias","category-turismo"],"acf":[],"yoast_head":"<!-- This site is optimized with the Yoast SEO plugin v27.3 - https:\/\/yoast.com\/product\/yoast-seo-wordpress\/ -->\n<title>Sedetur busca fortalecer productos tur\u00edsticos para no depender de temporadas | Revista Latitud 21<\/title>\n<meta name=\"description\" content=\"L21, Emprendedores y Negocios en el Caribe Mexicano, es la revista l\u00edder entre el Sector Empresarial y Tur\u00edstico del Caribe Mexicano.\" \/>\n<meta name=\"robots\" content=\"index, follow, max-snippet:-1, max-image-preview:large, max-video-preview:-1\" \/>\n<link rel=\"canonical\" href=\"https:\/\/l21.mx\/?p=23142\" \/>\n<meta name=\"twitter:card\" content=\"summary_large_image\" \/>\n<meta name=\"twitter:title\" content=\"Sedetur busca fortalecer productos tur\u00edsticos para no depender de temporadas | Revista Latitud 21\" \/>\n<meta name=\"twitter:description\" content=\"L21, Emprendedores y Negocios en el Caribe Mexicano, es la revista l\u00edder entre el Sector Empresarial y Tur\u00edstico del Caribe Mexicano.\" \/>\n<meta name=\"twitter:image\" content=\"https:\/\/l21.mx\/wp-content\/uploads\/2016\/12\/ruina-n.jpg\" \/>\n<meta name=\"twitter:creator\" content=\"@Latitud21mx\" \/>\n<meta name=\"twitter:site\" content=\"@Latitud21mx\" \/>\n<meta name=\"twitter:label1\" content=\"Escrito por\" \/>\n\t<meta name=\"twitter:data1\" content=\"Latitud21 Redacci\u00f3n\" \/>\n\t<meta name=\"twitter:label2\" content=\"Tiempo de lectura\" \/>\n\t<meta name=\"twitter:data2\" content=\"2 minutos\" \/>\n<script type=\"application\/ld+json\" class=\"yoast-schema-graph\">{\"@context\":\"https:\\\/\\\/schema.org\",\"@graph\":[{\"@type\":\"Article\",\"@id\":\"https:\\\/\\\/l21.mx\\\/?p=23142#article\",\"isPartOf\":{\"@id\":\"https:\\\/\\\/l21.mx\\\/?p=23142\"},\"author\":{\"name\":\"Latitud21 Redacci\u00f3n\",\"@id\":\"https:\\\/\\\/l21.mx\\\/#\\\/schema\\\/person\\\/4b571cc212089f95579f3b66253728f1\"},\"headline\":\"Sedetur busca fortalecer productos tur\u00edsticos para no depender de temporadas\",\"datePublished\":\"2016-12-20T23:03:09+00:00\",\"mainEntityOfPage\":{\"@id\":\"https:\\\/\\\/l21.mx\\\/?p=23142\"},\"wordCount\":346,\"commentCount\":0,\"publisher\":{\"@id\":\"https:\\\/\\\/l21.mx\\\/#organization\"},\"image\":{\"@id\":\"https:\\\/\\\/l21.mx\\\/?p=23142#primaryimage\"},\"thumbnailUrl\":\"https:\\\/\\\/l21.mx\\\/wp-content\\\/uploads\\\/2016\\\/12\\\/ruina-n.jpg\",\"articleSection\":[\"Noticias\",\"Turismo\"],\"inLanguage\":\"es\",\"potentialAction\":[{\"@type\":\"CommentAction\",\"name\":\"Comment\",\"target\":[\"https:\\\/\\\/l21.mx\\\/?p=23142#respond\"]}]},{\"@type\":\"WebPage\",\"@id\":\"https:\\\/\\\/l21.mx\\\/?p=23142\",\"url\":\"https:\\\/\\\/l21.mx\\\/?p=23142\",\"name\":\"Sedetur busca fortalecer productos tur\u00edsticos para no depender de temporadas | Revista Latitud 21\",\"isPartOf\":{\"@id\":\"https:\\\/\\\/l21.mx\\\/#website\"},\"primaryImageOfPage\":{\"@id\":\"https:\\\/\\\/l21.mx\\\/?p=23142#primaryimage\"},\"image\":{\"@id\":\"https:\\\/\\\/l21.mx\\\/?p=23142#primaryimage\"},\"thumbnailUrl\":\"https:\\\/\\\/l21.mx\\\/wp-content\\\/uploads\\\/2016\\\/12\\\/ruina-n.jpg\",\"datePublished\":\"2016-12-20T23:03:09+00:00\",\"description\":\"L21, Emprendedores y Negocios en el Caribe Mexicano, es la revista l\u00edder entre el Sector Empresarial y Tur\u00edstico del Caribe Mexicano.\",\"breadcrumb\":{\"@id\":\"https:\\\/\\\/l21.mx\\\/?p=23142#breadcrumb\"},\"inLanguage\":\"es\",\"potentialAction\":[{\"@type\":\"ReadAction\",\"target\":[\"https:\\\/\\\/l21.mx\\\/?p=23142\"]}]},{\"@type\":\"ImageObject\",\"inLanguage\":\"es\",\"@id\":\"https:\\\/\\\/l21.mx\\\/?p=23142#primaryimage\",\"url\":\"https:\\\/\\\/l21.mx\\\/wp-content\\\/uploads\\\/2016\\\/12\\\/ruina-n.jpg\",\"contentUrl\":\"https:\\\/\\\/l21.mx\\\/wp-content\\\/uploads\\\/2016\\\/12\\\/ruina-n.jpg\",\"width\":90,\"height\":60},{\"@type\":\"BreadcrumbList\",\"@id\":\"https:\\\/\\\/l21.mx\\\/?p=23142#breadcrumb\",\"itemListElement\":[{\"@type\":\"ListItem\",\"position\":1,\"name\":\"Portada\",\"item\":\"https:\\\/\\\/l21.mx\\\/\"},{\"@type\":\"ListItem\",\"position\":2,\"name\":\"Sedetur busca fortalecer productos tur\u00edsticos para no depender de temporadas\"}]},{\"@type\":\"WebSite\",\"@id\":\"https:\\\/\\\/l21.mx\\\/#website\",\"url\":\"https:\\\/\\\/l21.mx\\\/\",\"name\":\"Revista Latitud 21\",\"description\":\"Emprendedores  y negocios en el Caribe Mexicano\",\"publisher\":{\"@id\":\"https:\\\/\\\/l21.mx\\\/#organization\"},\"potentialAction\":[{\"@type\":\"SearchAction\",\"target\":{\"@type\":\"EntryPoint\",\"urlTemplate\":\"https:\\\/\\\/l21.mx\\\/?s={search_term_string}\"},\"query-input\":{\"@type\":\"PropertyValueSpecification\",\"valueRequired\":true,\"valueName\":\"search_term_string\"}}],\"inLanguage\":\"es\"},{\"@type\":\"Organization\",\"@id\":\"https:\\\/\\\/l21.mx\\\/#organization\",\"name\":\"Grupo Editorial Latitud 21 SA de CV\",\"url\":\"https:\\\/\\\/l21.mx\\\/\",\"logo\":{\"@type\":\"ImageObject\",\"inLanguage\":\"es\",\"@id\":\"https:\\\/\\\/l21.mx\\\/#\\\/schema\\\/logo\\\/image\\\/\",\"url\":\"https:\\\/\\\/l21.mx\\\/wp-content\\\/uploads\\\/2020\\\/10\\\/logo-l21-baja.jpg\",\"contentUrl\":\"https:\\\/\\\/l21.mx\\\/wp-content\\\/uploads\\\/2020\\\/10\\\/logo-l21-baja.jpg\",\"width\":250,\"height\":250,\"caption\":\"Grupo Editorial Latitud 21 SA de CV\"},\"image\":{\"@id\":\"https:\\\/\\\/l21.mx\\\/#\\\/schema\\\/logo\\\/image\\\/\"},\"sameAs\":[\"https:\\\/\\\/www.facebook.com\\\/RevistaLatitud21\\\/\",\"https:\\\/\\\/x.com\\\/Latitud21mx\"]},{\"@type\":\"Person\",\"@id\":\"https:\\\/\\\/l21.mx\\\/#\\\/schema\\\/person\\\/4b571cc212089f95579f3b66253728f1\",\"name\":\"Latitud21 Redacci\u00f3n\",\"url\":\"https:\\\/\\\/l21.mx\\\/?author=2\"}]}<\/script>\n<!-- \/ Yoast SEO plugin. -->","yoast_head_json":{"title":"Sedetur busca fortalecer productos tur\u00edsticos para no depender de temporadas | Revista Latitud 21","description":"L21, Emprendedores y Negocios en el Caribe Mexicano, es la revista l\u00edder entre el Sector Empresarial y Tur\u00edstico del Caribe Mexicano.","robots":{"index":"index","follow":"follow","max-snippet":"max-snippet:-1","max-image-preview":"max-image-preview:large","max-video-preview":"max-video-preview:-1"},"canonical":"https:\/\/l21.mx\/?p=23142","twitter_card":"summary_large_image","twitter_title":"Sedetur busca fortalecer productos tur\u00edsticos para no depender de temporadas | Revista Latitud 21","twitter_description":"L21, Emprendedores y Negocios en el Caribe Mexicano, es la revista l\u00edder entre el Sector Empresarial y Tur\u00edstico del Caribe Mexicano.","twitter_image":"https:\/\/l21.mx\/wp-content\/uploads\/2016\/12\/ruina-n.jpg","twitter_creator":"@Latitud21mx","twitter_site":"@Latitud21mx","twitter_misc":{"Escrito por":"Latitud21 Redacci\u00f3n","Tiempo de lectura":"2 minutos"},"schema":{"@context":"https:\/\/schema.org","@graph":[{"@type":"Article","@id":"https:\/\/l21.mx\/?p=23142#article","isPartOf":{"@id":"https:\/\/l21.mx\/?p=23142"},"author":{"name":"Latitud21 Redacci\u00f3n","@id":"https:\/\/l21.mx\/#\/schema\/person\/4b571cc212089f95579f3b66253728f1"},"headline":"Sedetur busca fortalecer productos tur\u00edsticos para no depender de temporadas","datePublished":"2016-12-20T23:03:09+00:00","mainEntityOfPage":{"@id":"https:\/\/l21.mx\/?p=23142"},"wordCount":346,"commentCount":0,"publisher":{"@id":"https:\/\/l21.mx\/#organization"},"image":{"@id":"https:\/\/l21.mx\/?p=23142#primaryimage"},"thumbnailUrl":"https:\/\/l21.mx\/wp-content\/uploads\/2016\/12\/ruina-n.jpg","articleSection":["Noticias","Turismo"],"inLanguage":"es","potentialAction":[{"@type":"CommentAction","name":"Comment","target":["https:\/\/l21.mx\/?p=23142#respond"]}]},{"@type":"WebPage","@id":"https:\/\/l21.mx\/?p=23142","url":"https:\/\/l21.mx\/?p=23142","name":"Sedetur busca fortalecer productos tur\u00edsticos para no depender de temporadas | Revista Latitud 21","isPartOf":{"@id":"https:\/\/l21.mx\/#website"},"primaryImageOfPage":{"@id":"https:\/\/l21.mx\/?p=23142#primaryimage"},"image":{"@id":"https:\/\/l21.mx\/?p=23142#primaryimage"},"thumbnailUrl":"https:\/\/l21.mx\/wp-content\/uploads\/2016\/12\/ruina-n.jpg","datePublished":"2016-12-20T23:03:09+00:00","description":"L21, Emprendedores y Negocios en el Caribe Mexicano, es la revista l\u00edder entre el Sector Empresarial y Tur\u00edstico del Caribe Mexicano.","breadcrumb":{"@id":"https:\/\/l21.mx\/?p=23142#breadcrumb"},"inLanguage":"es","potentialAction":[{"@type":"ReadAction","target":["https:\/\/l21.mx\/?p=23142"]}]},{"@type":"ImageObject","inLanguage":"es","@id":"https:\/\/l21.mx\/?p=23142#primaryimage","url":"https:\/\/l21.mx\/wp-content\/uploads\/2016\/12\/ruina-n.jpg","contentUrl":"https:\/\/l21.mx\/wp-content\/uploads\/2016\/12\/ruina-n.jpg","width":90,"height":60},{"@type":"BreadcrumbList","@id":"https:\/\/l21.mx\/?p=23142#breadcrumb","itemListElement":[{"@type":"ListItem","position":1,"name":"Portada","item":"https:\/\/l21.mx\/"},{"@type":"ListItem","position":2,"name":"Sedetur busca fortalecer productos tur\u00edsticos para no depender de temporadas"}]},{"@type":"WebSite","@id":"https:\/\/l21.mx\/#website","url":"https:\/\/l21.mx\/","name":"Revista Latitud 21","description":"Emprendedores  y negocios en el Caribe Mexicano","publisher":{"@id":"https:\/\/l21.mx\/#organization"},"potentialAction":[{"@type":"SearchAction","target":{"@type":"EntryPoint","urlTemplate":"https:\/\/l21.mx\/?s={search_term_string}"},"query-input":{"@type":"PropertyValueSpecification","valueRequired":true,"valueName":"search_term_string"}}],"inLanguage":"es"},{"@type":"Organization","@id":"https:\/\/l21.mx\/#organization","name":"Grupo Editorial Latitud 21 SA de CV","url":"https:\/\/l21.mx\/","logo":{"@type":"ImageObject","inLanguage":"es","@id":"https:\/\/l21.mx\/#\/schema\/logo\/image\/","url":"https:\/\/l21.mx\/wp-content\/uploads\/2020\/10\/logo-l21-baja.jpg","contentUrl":"https:\/\/l21.mx\/wp-content\/uploads\/2020\/10\/logo-l21-baja.jpg","width":250,"height":250,"caption":"Grupo Editorial Latitud 21 SA de CV"},"image":{"@id":"https:\/\/l21.mx\/#\/schema\/logo\/image\/"},"sameAs":["https:\/\/www.facebook.com\/RevistaLatitud21\/","https:\/\/x.com\/Latitud21mx"]},{"@type":"Person","@id":"https:\/\/l21.mx\/#\/schema\/person\/4b571cc212089f95579f3b66253728f1","name":"Latitud21 Redacci\u00f3n","url":"https:\/\/l21.mx\/?author=2"}]}},"amp_enabled":true,"_links":{"self":[{"href":"https:\/\/l21.mx\/index.php?rest_route=\/wp\/v2\/posts\/23142","targetHints":{"allow":["GET"]}}],"collection":[{"href":"https:\/\/l21.mx\/index.php?rest_route=\/wp\/v2\/posts"}],"about":[{"href":"https:\/\/l21.mx\/index.php?rest_route=\/wp\/v2\/types\/post"}],"author":[{"embeddable":true,"href":"https:\/\/l21.mx\/index.php?rest_route=\/wp\/v2\/users\/2"}],"replies":[{"embeddable":true,"href":"https:\/\/l21.mx\/index.php?rest_route=%2Fwp%2Fv2%2Fcomments&post=23142"}],"version-history":[{"count":0,"href":"https:\/\/l21.mx\/index.php?rest_route=\/wp\/v2\/posts\/23142\/revisions"}],"wp:featuredmedia":[{"embeddable":true,"href":"https:\/\/l21.mx\/index.php?rest_route=\/wp\/v2\/media\/23145"}],"wp:attachment":[{"href":"https:\/\/l21.mx\/index.php?rest_route=%2Fwp%2Fv2%2Fmedia&parent=23142"}],"wp:term":[{"taxonomy":"category","embeddable":true,"href":"https:\/\/l21.mx\/index.php?rest_route=%2Fwp%2Fv2%2Fcategories&post=23142"},{"taxonomy":"post_tag","embeddable":true,"href":"https:\/\/l21.mx\/index.php?rest_route=%2Fwp%2Fv2%2Ftags&post=23142"}],"curies":[{"name":"wp","href":"https:\/\/api.w.org\/{rel}","templated":true}]}}