{"id":23151,"date":"2016-12-21T10:22:16","date_gmt":"2016-12-21T16:22:16","guid":{"rendered":"http:\/\/innovatori.space\/lat21\/?p=23151"},"modified":"2016-12-21T10:22:16","modified_gmt":"2016-12-21T16:22:16","slug":"en-cancun-se-realiza-la-exposicion-artistica-te-amo-mexico","status":"publish","type":"post","link":"https:\/\/l21.mx\/?p=23151","title":{"rendered":"En Canc\u00fan se realiza la exposici\u00f3n art\u00edstica \u00abTe amo M\u00e9xico\u00bb"},"content":{"rendered":"<p><a href=\"http:\/\/l21.mx\/wp-content\/uploads\/2016\/12\/mexico-.jpg\" data-rel=\"penci-gallery-image-content\" ><img fetchpriority=\"high\" decoding=\"async\" class=\"aligncenter size-full wp-image-23152\" title=\"mexico-\" src=\"http:\/\/l21.mx\/wp-content\/uploads\/2016\/12\/mexico-.jpg\" alt=\"\" width=\"667\" height=\"500\" srcset=\"https:\/\/l21.mx\/wp-content\/uploads\/2016\/12\/mexico-.jpg 667w, https:\/\/l21.mx\/wp-content\/uploads\/2016\/12\/mexico--300x225.jpg 300w, https:\/\/l21.mx\/wp-content\/uploads\/2016\/12\/mexico--585x439.jpg 585w\" sizes=\"(max-width: 667px) 100vw, 667px\" \/><\/a>V\u00eda: <a href=\"http:\/\/sipse.com\/novedades\/\" target=\"_blank\" rel=\"noopener\">Novedades<\/a>. La exposici\u00f3n \u201cTe amo M\u00e9xico\u201d se exhibe en la galer\u00eda Balance de Plaza Caracol, en la zona hotelera de Canc\u00fan, una muestra que r<strong>e\u00fane obras de artistas pl\u00e1sticos de la talla Isaac Aguilar,<\/strong>\u00a0Tita Croda, Roxana Wiley y Cinthya Picazo, as\u00ed como de los fot\u00f3grafos Luis Javier Sandoval y Gast\u00f3n Segues.<\/p>\n<p>Se trata de una exhibici\u00f3n que\u00a0organizada por Joselo Thomassiny y\u00a0es tambi\u00e9n un llamado a la reflexi\u00f3n.<\/p>\n<p>Artistas visuales, poetas, cantantes, bailarines, teatristas, se sumaron al acto inaugural de \u201cTe amo M\u00e9xico\u201d, bajo una premisa: hacer un llamado al\u00a0<strong>an\u00e1lisis de la postura que el presidente electo de los Estados Unidos,<\/strong>\u00a0Donald Trump, ha tomado con respecto a su pol\u00edtica exterior con M\u00e9xico.<\/p>\n<p><span style=\"font-weight: 300;\">\u201cLa voz de los artistas es ejemplo de cu\u00e1n grande y valiosa es la gente de M\u00e9xico, y lo importante que es nuestra cultura, fuerza de trabajo y creatividad en el \u00e1mbito internacional\u201d, \u00a0indic\u00f3 Thomassiny.<\/span><\/p>\n<p><strong>Belleza del pa\u00eds<\/strong><\/p>\n<p><strong>M\u00e1s de 20 obras integran esta exposici\u00f3n<\/strong><span style=\"font-weight: 300;\">\u00a0en la que el hilo conductor es la belleza y la diversidad de nuestro pa\u00eds, est\u00e1n sus paisajes, su fauna, su gente, como en la serie de Isaac Aguilar, pintor cuyos afanes se centran en la vida cotidiana de tzeltal, familias chiapanecas que llevan en su indumentaria la historia de un pueblo.<\/span><\/p>\n<p>La fotograf\u00eda de Luis Javier Sandoval es tambi\u00e9n de destacarse, im\u00e1genes que r<strong>evelan los secretos de la vida silvestre<\/strong>\u00a0en el fondo del mar y que gracias a su lente, logra lo mismo, asombrar y sensibilizar sobre el cuidado de los ecosistemas.<\/p>\n<p>\u201cTe amo M\u00e9xico\u201d\u00a0<strong>estar\u00e1 abierta al p\u00fablico hasta el viernes<\/strong>\u00a0de esta semana en la galer\u00eda Balance de Plaza Caracol.<\/p>\n","protected":false},"excerpt":{"rendered":"<p>V\u00eda: Novedades. La exposici\u00f3n \u201cTe amo M\u00e9xico\u201d se exhibe en la galer\u00eda Balance de Plaza Caracol,&hellip;<\/p>\n","protected":false},"author":2,"featured_media":23154,"comment_status":"open","ping_status":"open","sticky":false,"template":"","format":"standard","meta":{"_acf_changed":false,"_lmt_disableupdate":"","_lmt_disable":"","_mbp_gutenberg_autopost":false,"footnotes":""},"categories":[23,8],"tags":[],"class_list":["post-23151","post","type-post","status-publish","format-standard","has-post-thumbnail","hentry","category-noticias","category-turismo"],"acf":[],"_links":{"self":[{"href":"https:\/\/l21.mx\/index.php?rest_route=\/wp\/v2\/posts\/23151","targetHints":{"allow":["GET"]}}],"collection":[{"href":"https:\/\/l21.mx\/index.php?rest_route=\/wp\/v2\/posts"}],"about":[{"href":"https:\/\/l21.mx\/index.php?rest_route=\/wp\/v2\/types\/post"}],"author":[{"embeddable":true,"href":"https:\/\/l21.mx\/index.php?rest_route=\/wp\/v2\/users\/2"}],"replies":[{"embeddable":true,"href":"https:\/\/l21.mx\/index.php?rest_route=%2Fwp%2Fv2%2Fcomments&post=23151"}],"version-history":[{"count":0,"href":"https:\/\/l21.mx\/index.php?rest_route=\/wp\/v2\/posts\/23151\/revisions"}],"wp:featuredmedia":[{"embeddable":true,"href":"https:\/\/l21.mx\/index.php?rest_route=\/wp\/v2\/media\/23154"}],"wp:attachment":[{"href":"https:\/\/l21.mx\/index.php?rest_route=%2Fwp%2Fv2%2Fmedia&parent=23151"}],"wp:term":[{"taxonomy":"category","embeddable":true,"href":"https:\/\/l21.mx\/index.php?rest_route=%2Fwp%2Fv2%2Fcategories&post=23151"},{"taxonomy":"post_tag","embeddable":true,"href":"https:\/\/l21.mx\/index.php?rest_route=%2Fwp%2Fv2%2Ftags&post=23151"}],"curies":[{"name":"wp","href":"https:\/\/api.w.org\/{rel}","templated":true}]}}