{"id":23169,"date":"2016-12-22T08:52:11","date_gmt":"2016-12-22T14:52:11","guid":{"rendered":"http:\/\/innovatori.space\/lat21\/?p=23169"},"modified":"2016-12-22T08:52:11","modified_gmt":"2016-12-22T14:52:11","slug":"este-viernes-podria-ser-inaugurado-el-parque-de-playa-langosta","status":"publish","type":"post","link":"https:\/\/l21.mx\/?p=23169","title":{"rendered":"Este viernes podr\u00eda ser inaugurado el Parque de Playa Langosta"},"content":{"rendered":"<p><a href=\"http:\/\/l21.mx\/wp-content\/uploads\/2016\/12\/langosta.jpg\" data-rel=\"penci-gallery-image-content\" ><img fetchpriority=\"high\" decoding=\"async\" class=\"aligncenter size-large wp-image-23170\" title=\"langosta\" src=\"http:\/\/l21.mx\/wp-content\/uploads\/2016\/12\/langosta-1024x576.jpg\" alt=\"\" width=\"1024\" height=\"576\" srcset=\"https:\/\/l21.mx\/wp-content\/uploads\/2016\/12\/langosta-1024x576.jpg 1024w, https:\/\/l21.mx\/wp-content\/uploads\/2016\/12\/langosta-300x169.jpg 300w, https:\/\/l21.mx\/wp-content\/uploads\/2016\/12\/langosta-768x432.jpg 768w, https:\/\/l21.mx\/wp-content\/uploads\/2016\/12\/langosta-1170x658.jpg 1170w, https:\/\/l21.mx\/wp-content\/uploads\/2016\/12\/langosta-585x329.jpg 585w, https:\/\/l21.mx\/wp-content\/uploads\/2016\/12\/langosta.jpg 1440w\" sizes=\"(max-width: 1024px) 100vw, 1024px\" \/><\/a>V\u00eda: <a href=\"http:\/\/sipse.com\/novedades\/\" target=\"_blank\" rel=\"noopener\">Novedades<\/a>. El\u00a0<strong>parque p\u00fablico<\/strong>\u00a0de\u00a0<strong>Playa Langosta<\/strong>\u00a0de la zona hotelera de Canc\u00fan est\u00e1 a punto de acoger a las multitudes y presuntamente de acuerdo a los trabajadores que operan en la obra, el viernes ser\u00e1 la apertura, romper\u00e1 el per\u00edodo contemplado que era de tres meses a casi dos meses.<\/p>\n<p>Con una\u00a0<strong>inversi\u00f3n de 15 millones de pesos<\/strong>, de acuerdo a informaci\u00f3n del Fondo Nacional de Fomento al Turismo (Fonatur) y la Secretar\u00eda de Turismo (Sectur), ya se podr\u00e1 disfrutar en esta playa de una nueva imagen antes que finalice el a\u00f1o.<\/p>\n<p>Este parque p\u00fablico se ubica en el kil\u00f3metro 5.5 del\u00a0<strong>bulevar Kukulc\u00e1n<\/strong>\u00a0y en los siete mil 700 metros cuadrados y 135 que tiene de forma lineal de playa, ya se puede apreciar las m\u00faltiples plataformas que fungir\u00e1n como peque\u00f1os miradores, aprovechando la visual hacia el mar.<\/p>\n<p>El\u00a0<strong>proyecto arquitect\u00f3nico<\/strong>\u00a0es refrescante ante la vista de las personas y tambi\u00e9n incluye acceso p\u00fablico a la playa, a una plaza, m\u00f3dulos de servicio y \u00e1reas de recreaci\u00f3n como asoleadero, hamacas y zonas de descanso y contemplaci\u00f3n; juegos infantiles, as\u00ed como gimnasio al aire libre.<\/p>\n<p>Por el momento se dan\u00a0<strong>terminaciones a las banquetas<\/strong>, se planta el c\u00e9sped de las \u00e1reas verdes establecidas, se ajustan las carpas y se pintan partes de las banquetas, todo a marcha forzada para cumplir con la meta de que antes de la Nochebuena quede inaugurado.<\/p>\n<p>La playa presentaba\u00a0<strong>deficiencias de infraestructura<\/strong>, por lo que decidieron replantear y demoler las edificaciones que estaban en mal estado al ser infraestructuras con mucho tiempo de construcci\u00f3n y llevar el espacio a una imagen m\u00e1s atractiva a manera de mejorar la imagen urbana de la zona hotelera.<\/p>\n<p>La estrategia es que eleve la\u00a0<strong>competitividad a nivel internacional<\/strong>\u00a0y fortalezca el corredor urbano, de acuerdo a su planificaci\u00f3n.<\/p>\n<p>Se busca que tenga una integraci\u00f3n del fomento a la\u00a0<strong>actividad tur\u00edstica<\/strong>\u00a0tanto nacional como internacional, as\u00ed como una mezcla de consolidaci\u00f3n de cultura, recreaci\u00f3n y esparcimiento.<\/p>\n","protected":false},"excerpt":{"rendered":"<p>V\u00eda: Novedades. El\u00a0parque p\u00fablico\u00a0de\u00a0Playa Langosta\u00a0de la zona hotelera de Canc\u00fan est\u00e1 a punto de acoger a&hellip;<\/p>\n","protected":false},"author":2,"featured_media":23172,"comment_status":"open","ping_status":"open","sticky":false,"template":"","format":"standard","meta":{"_acf_changed":false,"_lmt_disableupdate":"","_lmt_disable":"","_mbp_gutenberg_autopost":false,"footnotes":""},"categories":[4,23,8],"tags":[],"class_list":["post-23169","post","type-post","status-publish","format-standard","has-post-thumbnail","hentry","category-empresas-y-negocios","category-noticias","category-turismo"],"acf":[],"_links":{"self":[{"href":"https:\/\/l21.mx\/index.php?rest_route=\/wp\/v2\/posts\/23169","targetHints":{"allow":["GET"]}}],"collection":[{"href":"https:\/\/l21.mx\/index.php?rest_route=\/wp\/v2\/posts"}],"about":[{"href":"https:\/\/l21.mx\/index.php?rest_route=\/wp\/v2\/types\/post"}],"author":[{"embeddable":true,"href":"https:\/\/l21.mx\/index.php?rest_route=\/wp\/v2\/users\/2"}],"replies":[{"embeddable":true,"href":"https:\/\/l21.mx\/index.php?rest_route=%2Fwp%2Fv2%2Fcomments&post=23169"}],"version-history":[{"count":0,"href":"https:\/\/l21.mx\/index.php?rest_route=\/wp\/v2\/posts\/23169\/revisions"}],"wp:featuredmedia":[{"embeddable":true,"href":"https:\/\/l21.mx\/index.php?rest_route=\/wp\/v2\/media\/23172"}],"wp:attachment":[{"href":"https:\/\/l21.mx\/index.php?rest_route=%2Fwp%2Fv2%2Fmedia&parent=23169"}],"wp:term":[{"taxonomy":"category","embeddable":true,"href":"https:\/\/l21.mx\/index.php?rest_route=%2Fwp%2Fv2%2Fcategories&post=23169"},{"taxonomy":"post_tag","embeddable":true,"href":"https:\/\/l21.mx\/index.php?rest_route=%2Fwp%2Fv2%2Ftags&post=23169"}],"curies":[{"name":"wp","href":"https:\/\/api.w.org\/{rel}","templated":true}]}}