{"id":2322,"date":"2013-04-05T17:48:17","date_gmt":"2013-04-05T23:48:17","guid":{"rendered":"http:\/\/innovatori.space\/lat21\/?p=2322"},"modified":"2013-06-06T13:19:45","modified_gmt":"2013-06-06T18:19:45","slug":"nuevo-reto-televisivo","status":"publish","type":"post","link":"https:\/\/l21.mx\/?p=2322","title":{"rendered":"Nuevo reto televisivo"},"content":{"rendered":"<ul>\n<li><strong style=\"color: #993300;\"><strong><a href=\"http:\/\/l21.mx\/wp-content\/uploads\/2013\/04\/juan-vergara-6.jpg\" data-rel=\"penci-gallery-image-content\" ><img fetchpriority=\"high\" decoding=\"async\" class=\"alignright size-medium wp-image-2324\" title=\"juan vergara (6)\" src=\"http:\/\/l21.mx\/wp-content\/uploads\/2013\/04\/juan-vergara-6-300x199.jpg\" alt=\"\" width=\"300\" height=\"199\" srcset=\"https:\/\/l21.mx\/wp-content\/uploads\/2013\/04\/juan-vergara-6-300x199.jpg 300w, https:\/\/l21.mx\/wp-content\/uploads\/2013\/04\/juan-vergara-6-1024x679.jpg 1024w, https:\/\/l21.mx\/wp-content\/uploads\/2013\/04\/juan-vergara-6-128x85.jpg 128w, https:\/\/l21.mx\/wp-content\/uploads\/2013\/04\/juan-vergara-6-600x398.jpg 600w, https:\/\/l21.mx\/wp-content\/uploads\/2013\/04\/juan-vergara-6-167x110.jpg 167w, https:\/\/l21.mx\/wp-content\/uploads\/2013\/04\/juan-vergara-6-80x53.jpg 80w, https:\/\/l21.mx\/wp-content\/uploads\/2013\/04\/juan-vergara-6.jpg 1500w\" sizes=\"(max-width: 300px) 100vw, 300px\" \/><\/a>Latitud 21<\/strong>\u00a0\u00a0<\/strong><\/li>\n<li><strong style=\"color: #993300;\">\u00a0Ubicaci\u00f3n: Canc\u00fan<\/strong><\/li>\n<\/ul>\n<p>Juan Vergara no se duerme en sus laureles. Por el contrario, sin perder tiempo emprende otro proyecto tras su \u00e9xito al adquirir hace tres a\u00f1os M\u00e9xico Travel Channel y potenciar su cobertura y contenido con alianzas internacionales, la \u00faltima de \u00e9stas con el espa\u00f1ol Grupo Secuoya. Ahora Vergara\u00a0 asume un nuevo reto que por el momento est\u00e1 bautizado con el nombre de Salud TV. Ser\u00e1 un canal de contenido 100% dedicado a la salud y la belleza y cuya salida al aire\u00a0 est\u00e1 programada a partir de julio o agosto, por lo que el equipo de producci\u00f3n trabaja a marchas forzadas. El plan de trabajo que lleva desde la direcci\u00f3n general el argentino Alberto Dad\u00f3n es producir el suficiente material como para transmitir las 24 horas todo lo referente al verse y sentirse bien. Internet ser\u00e1 la primera plataforma de lanzamiento de esta propuesta televisiva que tendr\u00e1 especialistas del Caribe mexicano y de todo el pa\u00eds, posteriormente la idea es alcanzar cobertura nacional a trav\u00e9s de la televisi\u00f3n de paga manteniendo siempre su distintivo de calidad.<\/p>\n<div>\n<p>[editor]en-la-21-y-otras-latitudes[\/editor]<\/p>\n<\/div>\n","protected":false},"excerpt":{"rendered":"<p>Latitud 21\u00a0\u00a0 \u00a0Ubicaci\u00f3n: Canc\u00fan Juan Vergara no se duerme en sus laureles. Por el contrario, sin&hellip;<\/p>\n","protected":false},"author":2,"featured_media":2325,"comment_status":"open","ping_status":"open","sticky":false,"template":"","format":"standard","meta":{"_acf_changed":false,"_lmt_disableupdate":"","_lmt_disable":"","_mbp_gutenberg_autopost":false,"footnotes":""},"categories":[38],"tags":[63,65,62,48,64,61],"class_list":["post-2322","post","type-post","status-publish","format-standard","has-post-thumbnail","hentry","category-en-la-21-y-otras-latitudes","tag-caribe-mexicano","tag-grupo-editorial-latitud21","tag-revista-latitud21","tag-cancun","tag-latitud-21","tag-latitud21"],"acf":[],"_links":{"self":[{"href":"https:\/\/l21.mx\/index.php?rest_route=\/wp\/v2\/posts\/2322","targetHints":{"allow":["GET"]}}],"collection":[{"href":"https:\/\/l21.mx\/index.php?rest_route=\/wp\/v2\/posts"}],"about":[{"href":"https:\/\/l21.mx\/index.php?rest_route=\/wp\/v2\/types\/post"}],"author":[{"embeddable":true,"href":"https:\/\/l21.mx\/index.php?rest_route=\/wp\/v2\/users\/2"}],"replies":[{"embeddable":true,"href":"https:\/\/l21.mx\/index.php?rest_route=%2Fwp%2Fv2%2Fcomments&post=2322"}],"version-history":[{"count":0,"href":"https:\/\/l21.mx\/index.php?rest_route=\/wp\/v2\/posts\/2322\/revisions"}],"wp:featuredmedia":[{"embeddable":true,"href":"https:\/\/l21.mx\/index.php?rest_route=\/wp\/v2\/media\/2325"}],"wp:attachment":[{"href":"https:\/\/l21.mx\/index.php?rest_route=%2Fwp%2Fv2%2Fmedia&parent=2322"}],"wp:term":[{"taxonomy":"category","embeddable":true,"href":"https:\/\/l21.mx\/index.php?rest_route=%2Fwp%2Fv2%2Fcategories&post=2322"},{"taxonomy":"post_tag","embeddable":true,"href":"https:\/\/l21.mx\/index.php?rest_route=%2Fwp%2Fv2%2Ftags&post=2322"}],"curies":[{"name":"wp","href":"https:\/\/api.w.org\/{rel}","templated":true}]}}