{"id":23224,"date":"2016-12-23T18:06:24","date_gmt":"2016-12-24T00:06:24","guid":{"rendered":"http:\/\/innovatori.space\/lat21\/?p=23224"},"modified":"2016-12-23T18:06:24","modified_gmt":"2016-12-24T00:06:24","slug":"este-lunes-pasara-por-el-aeropuerto-de-cancun-el-pasajero-numero-21-millones-de-este-ano","status":"publish","type":"post","link":"https:\/\/l21.mx\/?p=23224","title":{"rendered":"Este lunes pasar\u00e1 por el Aeropuerto de Canc\u00fan el pasajero n\u00famero 21 millones de este a\u00f1o"},"content":{"rendered":"<p><a href=\"http:\/\/l21.mx\/wp-content\/uploads\/2016\/12\/221216b9590c980med.jpg\" data-rel=\"penci-gallery-image-content\" ><img fetchpriority=\"high\" decoding=\"async\" class=\"aligncenter size-full wp-image-23226\" title=\"221216b9590c980med\" src=\"http:\/\/l21.mx\/wp-content\/uploads\/2016\/12\/221216b9590c980med.jpg\" alt=\"\" width=\"700\" height=\"476\" srcset=\"https:\/\/l21.mx\/wp-content\/uploads\/2016\/12\/221216b9590c980med.jpg 700w, https:\/\/l21.mx\/wp-content\/uploads\/2016\/12\/221216b9590c980med-300x204.jpg 300w, https:\/\/l21.mx\/wp-content\/uploads\/2016\/12\/221216b9590c980med-585x398.jpg 585w\" sizes=\"(max-width: 700px) 100vw, 700px\" \/><\/a>V\u00eda: <a href=\"http:\/\/sipse.com\/novedades\/\" target=\"_blank\" rel=\"noopener\">Novedades<\/a>. El pr\u00f3ximo lunes 26 de diciembre pasar\u00e1 por el\u00a0<strong>Aeropuerto Internacional de Canc\u00fan<\/strong>\u00a0(AIC) el pasajero n\u00famero 21 millones de este a\u00f1o; este ser\u00eda el segundo r\u00e9cord alcanzado\u00a0durante\u00a0los \u00faltimos 12 meses.<\/p>\n<p>De acuerdo con la unidad de prensa del AIC, el acontecimiento ocurrir\u00e1 dos d\u00edas antes de lo que se hab\u00eda proyectado; y adem\u00e1s de ser el segundo en el mismo a\u00f1o, es tambi\u00e9n el segundo en el mismo mes.<\/p>\n<p>Apenas el viernes 16 de diciembre pasado se recibi\u00f3 con algarab\u00eda a Mar\u00eda Graciela Gonz\u00e1lez Guillen, por ser la pasajera en tr\u00e1nsito 20 millones en el aeropuerto.<\/p>\n<div id=\"div-gpt-ad-inread\" data-google-query-id=\"CM7vwITCi9ECFYJThgodxOIBeg\">De acuerdo con las proyecciones, se esperaba que el 28 de este mes llegara el pasajero 21 millones, cifra con la que el crecimiento ser\u00eda del 116%, m\u00e1s del doble, en los \u00faltimos 10 a\u00f1os.<\/p>\n<p>En 2006 se registraron 9 millones 728 mil 149 pasajeros en tr\u00e1nsito y para este cierre de a\u00f1o se estima que sean poco m\u00e1s de 21 millones.<\/p><\/div>\n","protected":false},"excerpt":{"rendered":"<p>V\u00eda: Novedades. El pr\u00f3ximo lunes 26 de diciembre pasar\u00e1 por el\u00a0Aeropuerto Internacional de Canc\u00fan\u00a0(AIC) el pasajero&hellip;<\/p>\n","protected":false},"author":2,"featured_media":23228,"comment_status":"open","ping_status":"open","sticky":false,"template":"","format":"standard","meta":{"_acf_changed":false,"_lmt_disableupdate":"","_lmt_disable":"","_mbp_gutenberg_autopost":false,"footnotes":""},"categories":[23],"tags":[],"class_list":["post-23224","post","type-post","status-publish","format-standard","has-post-thumbnail","hentry","category-noticias"],"acf":[],"_links":{"self":[{"href":"https:\/\/l21.mx\/index.php?rest_route=\/wp\/v2\/posts\/23224","targetHints":{"allow":["GET"]}}],"collection":[{"href":"https:\/\/l21.mx\/index.php?rest_route=\/wp\/v2\/posts"}],"about":[{"href":"https:\/\/l21.mx\/index.php?rest_route=\/wp\/v2\/types\/post"}],"author":[{"embeddable":true,"href":"https:\/\/l21.mx\/index.php?rest_route=\/wp\/v2\/users\/2"}],"replies":[{"embeddable":true,"href":"https:\/\/l21.mx\/index.php?rest_route=%2Fwp%2Fv2%2Fcomments&post=23224"}],"version-history":[{"count":0,"href":"https:\/\/l21.mx\/index.php?rest_route=\/wp\/v2\/posts\/23224\/revisions"}],"wp:featuredmedia":[{"embeddable":true,"href":"https:\/\/l21.mx\/index.php?rest_route=\/wp\/v2\/media\/23228"}],"wp:attachment":[{"href":"https:\/\/l21.mx\/index.php?rest_route=%2Fwp%2Fv2%2Fmedia&parent=23224"}],"wp:term":[{"taxonomy":"category","embeddable":true,"href":"https:\/\/l21.mx\/index.php?rest_route=%2Fwp%2Fv2%2Fcategories&post=23224"},{"taxonomy":"post_tag","embeddable":true,"href":"https:\/\/l21.mx\/index.php?rest_route=%2Fwp%2Fv2%2Ftags&post=23224"}],"curies":[{"name":"wp","href":"https:\/\/api.w.org\/{rel}","templated":true}]}}