{"id":23237,"date":"2016-12-24T15:22:50","date_gmt":"2016-12-24T21:22:50","guid":{"rendered":"http:\/\/innovatori.space\/lat21\/?p=23237"},"modified":"2016-12-26T08:58:20","modified_gmt":"2016-12-26T14:58:20","slug":"parque-de-playa-langosta-fue-abierto-al-publico","status":"publish","type":"post","link":"https:\/\/l21.mx\/?p=23237","title":{"rendered":"Parque de Playa Langosta fue abierto al p\u00fablico"},"content":{"rendered":"<p><a href=\"http:\/\/l21.mx\/wp-content\/uploads\/2016\/12\/langosta.jpg\" data-rel=\"penci-gallery-image-content\" ><img fetchpriority=\"high\" decoding=\"async\" class=\"aligncenter size-large wp-image-23170\" title=\"langosta\" src=\"http:\/\/l21.mx\/wp-content\/uploads\/2016\/12\/langosta-1024x576.jpg\" alt=\"\" width=\"1024\" height=\"576\" srcset=\"https:\/\/l21.mx\/wp-content\/uploads\/2016\/12\/langosta-1024x576.jpg 1024w, https:\/\/l21.mx\/wp-content\/uploads\/2016\/12\/langosta-300x169.jpg 300w, https:\/\/l21.mx\/wp-content\/uploads\/2016\/12\/langosta-768x432.jpg 768w, https:\/\/l21.mx\/wp-content\/uploads\/2016\/12\/langosta-1170x658.jpg 1170w, https:\/\/l21.mx\/wp-content\/uploads\/2016\/12\/langosta-585x329.jpg 585w, https:\/\/l21.mx\/wp-content\/uploads\/2016\/12\/langosta.jpg 1440w\" sizes=\"(max-width: 1024px) 100vw, 1024px\" \/><\/a>V\u00eda: <a href=\"http:\/\/sipse.com\/novedades\/cancun\/\" target=\"_blank\" rel=\"noopener\">Novedades<\/a>. Este viernes 23 de diciembre, el\u00a0<strong>Parque P\u00fablico de Playa Langosta<\/strong>\u00a0fue abierto al p\u00fablico, aun sin la inauguraci\u00f3n oficial que prometieron las autoridades de la Secretar\u00eda de Turismo (Sectur) en d\u00edas pasados,. Sin embargo, la gente lleg\u00f3 para disfrutar de un d\u00eda de sol y playa en este arenal, que se encontraba completamente distinta a la imagen de una playa olvidada que ten\u00eda antes del parque. Ahora este lugar cuanta con instalaciones nuevas, \u00e1rea de juegos, \u00e1rea para tomar el sol y un parador con las letras de Canc\u00fan al que ni\u00f1os y adultos no dudaron en posar para la foto del recuerdo.<\/p>\n<p>Este proyecto fue realizado con el Fondo Nacional de Fomento al Turismo (Fonatur) y la Secretar\u00eda de Turismo (Sectur) de\u00a0<strong>15 millones de pesos<\/strong>. El parque contempla siete mil metros cuadrados, de los cuales 135 metros fueron adaptados para peque\u00f1os miradores de este parque, la playa est\u00e1 ubicada en el kil\u00f3metro 5.5 del bulevar Kukulc\u00e1n.<\/p>\n<p>Adem\u00e1s de columpios y aparatos para escalar de\u00a0<strong>entretenimiento para ni\u00f1os<\/strong>, cuenta con varias palapas alrededor y un espacio de ba\u00f1os y regaderas, esto le dar\u00e1 un plus a esta playa p\u00fablica que, a dicho de personal de la Zona Federal Mar\u00edtimo Terrestre (Zofemat), iniciar\u00e1n el tr\u00e1mite para que sea considerada para la certificaci\u00f3n Blue Flag. \u201cSolo esperamos los estudios de calidad del agua, pues ahora cumple con todo lo que se pide para ser blue flag, esperemos que los resultados sean favorables y tengamos una playa m\u00e1s certificada\u201d, dijo Estefan\u00eda S\u00e1nchez, subdirectora de la Sofemat.<\/p>\n<div><\/div>\n","protected":false},"excerpt":{"rendered":"<p>V\u00eda: Novedades. Este viernes 23 de diciembre, el\u00a0Parque P\u00fablico de Playa Langosta\u00a0fue abierto al p\u00fablico, aun&hellip;<\/p>\n","protected":false},"author":2,"featured_media":23170,"comment_status":"open","ping_status":"open","sticky":false,"template":"","format":"standard","meta":{"_acf_changed":false,"_lmt_disableupdate":"","_lmt_disable":"","_mbp_gutenberg_autopost":false,"footnotes":""},"categories":[23,8],"tags":[],"class_list":["post-23237","post","type-post","status-publish","format-standard","has-post-thumbnail","hentry","category-noticias","category-turismo"],"acf":[],"_links":{"self":[{"href":"https:\/\/l21.mx\/index.php?rest_route=\/wp\/v2\/posts\/23237","targetHints":{"allow":["GET"]}}],"collection":[{"href":"https:\/\/l21.mx\/index.php?rest_route=\/wp\/v2\/posts"}],"about":[{"href":"https:\/\/l21.mx\/index.php?rest_route=\/wp\/v2\/types\/post"}],"author":[{"embeddable":true,"href":"https:\/\/l21.mx\/index.php?rest_route=\/wp\/v2\/users\/2"}],"replies":[{"embeddable":true,"href":"https:\/\/l21.mx\/index.php?rest_route=%2Fwp%2Fv2%2Fcomments&post=23237"}],"version-history":[{"count":0,"href":"https:\/\/l21.mx\/index.php?rest_route=\/wp\/v2\/posts\/23237\/revisions"}],"wp:featuredmedia":[{"embeddable":true,"href":"https:\/\/l21.mx\/index.php?rest_route=\/wp\/v2\/media\/23170"}],"wp:attachment":[{"href":"https:\/\/l21.mx\/index.php?rest_route=%2Fwp%2Fv2%2Fmedia&parent=23237"}],"wp:term":[{"taxonomy":"category","embeddable":true,"href":"https:\/\/l21.mx\/index.php?rest_route=%2Fwp%2Fv2%2Fcategories&post=23237"},{"taxonomy":"post_tag","embeddable":true,"href":"https:\/\/l21.mx\/index.php?rest_route=%2Fwp%2Fv2%2Ftags&post=23237"}],"curies":[{"name":"wp","href":"https:\/\/api.w.org\/{rel}","templated":true}]}}