{"id":23242,"date":"2016-12-26T08:30:23","date_gmt":"2016-12-26T14:30:23","guid":{"rendered":"http:\/\/innovatori.space\/lat21\/?p=23242"},"modified":"2016-12-26T08:30:23","modified_gmt":"2016-12-26T14:30:23","slug":"isla-mujeres-recibe-a-nueve-mil-turistas-diariamente","status":"publish","type":"post","link":"https:\/\/l21.mx\/?p=23242","title":{"rendered":"Isla Mujeres recibe a nueve mil turistas diariamente"},"content":{"rendered":"<p><a href=\"http:\/\/l21.mx\/wp-content\/uploads\/2016\/12\/ferry-isla-mujeres.jpg\" data-rel=\"penci-gallery-image-content\" ><img fetchpriority=\"high\" decoding=\"async\" class=\"aligncenter size-full wp-image-23244\" title=\"ferry-isla-mujeres\" src=\"http:\/\/l21.mx\/wp-content\/uploads\/2016\/12\/ferry-isla-mujeres.jpg\" alt=\"\" width=\"880\" height=\"400\" srcset=\"https:\/\/l21.mx\/wp-content\/uploads\/2016\/12\/ferry-isla-mujeres.jpg 880w, https:\/\/l21.mx\/wp-content\/uploads\/2016\/12\/ferry-isla-mujeres-300x136.jpg 300w, https:\/\/l21.mx\/wp-content\/uploads\/2016\/12\/ferry-isla-mujeres-768x349.jpg 768w, https:\/\/l21.mx\/wp-content\/uploads\/2016\/12\/ferry-isla-mujeres-585x266.jpg 585w\" sizes=\"(max-width: 880px) 100vw, 880px\" \/><\/a>V\u00eda: Novedades. La temporada de vacaciones de invierno inici\u00f3 y en los primeros d\u00edas ya se sent\u00eda la Navidad, ya que en Puerto Ju\u00e1rez m\u00e1s de nueve mil pasajeros cruzan a Isla Mujeres al d\u00eda en Ultramar, \u00a0y esperan que en los pr\u00f3ximos d\u00edas incremente<strong>\u00a0a m\u00e1s de 12 mil visitantes,\u00a0<\/strong>coment\u00f3 Arturo B\u00e1ez Vega, gerente general de la empresa.<\/p>\n<p>\u201cYa se siente m\u00e1s movimiento, hemos tenido salidas continuas cada media hora, pero desde ayer, de 10 a 14 horas, las salidas de Puerto Ju\u00e1rez a Isla Mujeres, son cada 15 minutos\u201d, asegur\u00f3.<\/p>\n<p>Lo anterior, para cubrir el horario de mayor demanda, y tambi\u00e9n por la tarde, las salidas ser\u00e1n de las 15 a las 19 horas, cada 15 minutos.<\/p>\n<p><span style=\"font-weight: 300;\">Coment\u00f3 que la \u00faltima salida de la Isla a Canc\u00fan ser\u00e1 a la medianoche entre semana y viernes y s\u00e1bado hasta la una de la ma\u00f1ana.<\/span><\/p>\n<p>Los barcos t<strong>ransportan entre 150 y 450 pasajeros,\u00a0<\/strong>dependiendo la unidad, el incremento en esta temporada es de turistas nacionales, quienes han comenzado a adquirir sus pases para disfrutar en familia estos d\u00edas decembrinos.<\/p>\n<p>Algunos tour operadores mencionaron que la fluencia de turistas nacionales es mayor a los internacionales por esta zona, esto se debe a que a los extranjeros los acaparan las agencias de viajes desde el aeropuerto o en sus lugares de hospedaje, en cambio, el turista nacional,\u00a0<strong>prefiere buscar m\u00e1s opciones<\/strong>\u00a0y a precios m\u00e1s accesibles a sus bolsillos.<\/p>\n<p>\u201cOfrecemos un paquete que los lleva a Isla Mujeres por 700 pesos, incluimos barra libre nacional, desayuno y comida buffet, una zona de club de playa y paseo en bicicleta, opci\u00f3n de actividades de snorkel, buceo y museo\u201d, indic\u00f3 Armando Ram\u00edrez.<\/p>\n<p>Restauranteros de \u00abPlaya del Ni\u00f1o\u00bb,<strong>\u00a0esperan que esta temporada mejore<\/strong>\u00a0para ellos, pues es poca la visita de turistas a este arenal, \u201csi no fuera porque la gente local viene y trae a su familia, no tendr\u00edamos trabajo\u201d, coment\u00f3 don Manuel, cocinero de uno de los restaurantes que est\u00e1n sobre la playa.<\/p>\n","protected":false},"excerpt":{"rendered":"<p>V\u00eda: Novedades. La temporada de vacaciones de invierno inici\u00f3 y en los primeros d\u00edas ya se&hellip;<\/p>\n","protected":false},"author":2,"featured_media":23246,"comment_status":"open","ping_status":"open","sticky":false,"template":"","format":"standard","meta":{"_acf_changed":false,"_lmt_disableupdate":"","_lmt_disable":"","_mbp_gutenberg_autopost":false,"footnotes":""},"categories":[23,8],"tags":[],"class_list":["post-23242","post","type-post","status-publish","format-standard","has-post-thumbnail","hentry","category-noticias","category-turismo"],"acf":[],"_links":{"self":[{"href":"https:\/\/l21.mx\/index.php?rest_route=\/wp\/v2\/posts\/23242","targetHints":{"allow":["GET"]}}],"collection":[{"href":"https:\/\/l21.mx\/index.php?rest_route=\/wp\/v2\/posts"}],"about":[{"href":"https:\/\/l21.mx\/index.php?rest_route=\/wp\/v2\/types\/post"}],"author":[{"embeddable":true,"href":"https:\/\/l21.mx\/index.php?rest_route=\/wp\/v2\/users\/2"}],"replies":[{"embeddable":true,"href":"https:\/\/l21.mx\/index.php?rest_route=%2Fwp%2Fv2%2Fcomments&post=23242"}],"version-history":[{"count":0,"href":"https:\/\/l21.mx\/index.php?rest_route=\/wp\/v2\/posts\/23242\/revisions"}],"wp:featuredmedia":[{"embeddable":true,"href":"https:\/\/l21.mx\/index.php?rest_route=\/wp\/v2\/media\/23246"}],"wp:attachment":[{"href":"https:\/\/l21.mx\/index.php?rest_route=%2Fwp%2Fv2%2Fmedia&parent=23242"}],"wp:term":[{"taxonomy":"category","embeddable":true,"href":"https:\/\/l21.mx\/index.php?rest_route=%2Fwp%2Fv2%2Fcategories&post=23242"},{"taxonomy":"post_tag","embeddable":true,"href":"https:\/\/l21.mx\/index.php?rest_route=%2Fwp%2Fv2%2Ftags&post=23242"}],"curies":[{"name":"wp","href":"https:\/\/api.w.org\/{rel}","templated":true}]}}