{"id":23272,"date":"2016-12-26T15:39:22","date_gmt":"2016-12-26T21:39:22","guid":{"rendered":"http:\/\/innovatori.space\/lat21\/?p=23272"},"modified":"2016-12-26T15:39:22","modified_gmt":"2016-12-26T21:39:22","slug":"con-mayor-equilibrio-norte-sur-se-fomentara-el-desarrollo-turistico-de-quintana-roo","status":"publish","type":"post","link":"https:\/\/l21.mx\/?p=23272","title":{"rendered":"Con mayor equilibrio norte-sur se fomentar\u00e1 el desarrollo tur\u00edstico de Quintana Roo"},"content":{"rendered":"<p><a href=\"http:\/\/l21.mx\/wp-content\/uploads\/2016\/12\/Carlos-Joaqu\u00edn-pasajero-21-millones-.jpg\" data-rel=\"penci-gallery-image-content\" ><img fetchpriority=\"high\" decoding=\"async\" class=\"aligncenter size-large wp-image-23273\" title=\"Carlos-Joaqu\u00edn-pasajero-21-millones-\" src=\"http:\/\/l21.mx\/wp-content\/uploads\/2016\/12\/Carlos-Joaqu\u00edn-pasajero-21-millones--1024x640.jpg\" alt=\"\" width=\"1024\" height=\"640\" srcset=\"https:\/\/l21.mx\/wp-content\/uploads\/2016\/12\/Carlos-Joaqu\u00edn-pasajero-21-millones--1024x640.jpg 1024w, https:\/\/l21.mx\/wp-content\/uploads\/2016\/12\/Carlos-Joaqu\u00edn-pasajero-21-millones--300x188.jpg 300w, https:\/\/l21.mx\/wp-content\/uploads\/2016\/12\/Carlos-Joaqu\u00edn-pasajero-21-millones--768x480.jpg 768w, https:\/\/l21.mx\/wp-content\/uploads\/2016\/12\/Carlos-Joaqu\u00edn-pasajero-21-millones--585x366.jpg 585w, https:\/\/l21.mx\/wp-content\/uploads\/2016\/12\/Carlos-Joaqu\u00edn-pasajero-21-millones-.jpg 1080w\" sizes=\"(max-width: 1024px) 100vw, 1024px\" \/><\/a>El Gobierno del Estado de Quintana Roo, a trav\u00e9s de la Secretar\u00eda de Turismo (Sedetur), trabaja en la consolidaci\u00f3n del Caribe Mexicano como destino vacacional competitivo, l\u00edder, motor de desarrollo econ\u00f3mico y social para que el turismo genere m\u00e1s y mejores oportunidades para todos, afirm\u00f3 el Gobernador Carlos Joaqu\u00edn al recibir en la Terminal 3 del Aeropuerto de Canc\u00fan a Robert Evans y familia, originario de Washington DC, como el pasajero n\u00famero 21 millones.<\/p>\n<p>Carlos Joaqu\u00edn reconoci\u00f3 el esfuerzo en conjunto que se realiza por parte de los tres \u00f3rdenes de gobierno con los empresarios hoteleros, tour operadores, y en general la comunidad tur\u00edstica. \u201cEl turismo es motor del desarrollo, econ\u00f3mico y social, una aut\u00e9ntica industria transformadora que genera oportunidades para todos\u201d, destac\u00f3.<\/p>\n<p>Apenas el 16 de diciembre pasado, Mar\u00eda Graciela Gonz\u00e1lez Guill\u00e9n fue la pasajera en tr\u00e1nsito 20 millones en el aeropuerto; en 2015, la estadounidense Heather Albert Knopp se convirti\u00f3 en la pasajera n\u00famero 19 millones originaria de Maine, en el estado de Nueva York.<\/p>\n<p>En cuando al flujo de turistas la Sedetur prev\u00e9 que la entidad recibir\u00e1 15 millones 310 mil visitantes en el a\u00f1o 2016, lo que representa un crecimiento de 2.2% respecto de 2015; de esta cifra, al menos 10 millones 834 mil 822 corresponden a turistas; es decir, viajeros con pernocta en alguno de los destinos del Caribe Mexicano.<\/p>\n<p>Sobre la derrama econ\u00f3mica este indicador se estima en 8 mil 662.30 millones de d\u00f3lares. Durante la \u00e9poca decembrina se avizoran repuntes en el flujo tur\u00edstico de los centros vacacionales, lo que permitir\u00e1 alcanzar una ocupaci\u00f3n promedio anual de 79.8% para Canc\u00fan, 82.5% para Riviera Maya y 51.2% para la zona sur integrada por Chetumal, Bacalar y Mahahual.<\/p>\n<p>Con el Plan Estrat\u00e9gico de Turismo, el gobierno de Quintana Roo, mediante la Sedetur, emprende acciones para fortalecer el producto tur\u00edstico del Caribe Mexicano, ampliarlo, mejorarlo y detonar mejores experiencias de viaje que permitan generar desarrollo e impulsar m\u00e1s y mejores oportunidades para todos.<\/p>\n<p>En 2017 se impulsar\u00e1 la campa\u00f1a Viajemos por Quintana Roo mediante la cual, miles de quintanarroenses podr\u00e1n disfrutar el para\u00edso en el que viven y del que muchas veces han sentido no formar parte.<\/p>\n<p>A esto se suma el fomento a la inversi\u00f3n, desarrollo y modernizaci\u00f3n de la infraestructura, calidad en la prestaci\u00f3n de los servicios en el norte y sur de la entidad, mejora del marco regulatorio, creaci\u00f3n de nuevos productos, la puesta en valor del patrimonio cultural en zonas arqueol\u00f3gicas como Ichkabal, en el municipio de Bacalar; el pr\u00f3ximo a\u00f1o el Caribe Mexicano continuar\u00e1 siendo sede de importantes eventos de talla internacional.<\/p>\n","protected":false},"excerpt":{"rendered":"<p>El Gobierno del Estado de Quintana Roo, a trav\u00e9s de la Secretar\u00eda de Turismo (Sedetur), trabaja&hellip;<\/p>\n","protected":false},"author":2,"featured_media":23275,"comment_status":"open","ping_status":"open","sticky":false,"template":"","format":"standard","meta":{"_acf_changed":false,"_lmt_disableupdate":"","_lmt_disable":"","_mbp_gutenberg_autopost":false,"footnotes":""},"categories":[23,8],"tags":[],"class_list":["post-23272","post","type-post","status-publish","format-standard","has-post-thumbnail","hentry","category-noticias","category-turismo"],"acf":[],"_links":{"self":[{"href":"https:\/\/l21.mx\/index.php?rest_route=\/wp\/v2\/posts\/23272","targetHints":{"allow":["GET"]}}],"collection":[{"href":"https:\/\/l21.mx\/index.php?rest_route=\/wp\/v2\/posts"}],"about":[{"href":"https:\/\/l21.mx\/index.php?rest_route=\/wp\/v2\/types\/post"}],"author":[{"embeddable":true,"href":"https:\/\/l21.mx\/index.php?rest_route=\/wp\/v2\/users\/2"}],"replies":[{"embeddable":true,"href":"https:\/\/l21.mx\/index.php?rest_route=%2Fwp%2Fv2%2Fcomments&post=23272"}],"version-history":[{"count":0,"href":"https:\/\/l21.mx\/index.php?rest_route=\/wp\/v2\/posts\/23272\/revisions"}],"wp:featuredmedia":[{"embeddable":true,"href":"https:\/\/l21.mx\/index.php?rest_route=\/wp\/v2\/media\/23275"}],"wp:attachment":[{"href":"https:\/\/l21.mx\/index.php?rest_route=%2Fwp%2Fv2%2Fmedia&parent=23272"}],"wp:term":[{"taxonomy":"category","embeddable":true,"href":"https:\/\/l21.mx\/index.php?rest_route=%2Fwp%2Fv2%2Fcategories&post=23272"},{"taxonomy":"post_tag","embeddable":true,"href":"https:\/\/l21.mx\/index.php?rest_route=%2Fwp%2Fv2%2Ftags&post=23272"}],"curies":[{"name":"wp","href":"https:\/\/api.w.org\/{rel}","templated":true}]}}