{"id":23301,"date":"2016-12-27T15:26:47","date_gmt":"2016-12-27T21:26:47","guid":{"rendered":"http:\/\/innovatori.space\/lat21\/?p=23301"},"modified":"2016-12-27T15:26:47","modified_gmt":"2016-12-27T21:26:47","slug":"experiencias-xcaret-se-une-a-la-iniciativa-viajemos-todos-por-mexico","status":"publish","type":"post","link":"https:\/\/l21.mx\/?p=23301","title":{"rendered":"Experiencias Xcaret se une a la iniciativa \u00abViajemos todos por M\u00e9xico\u00bb"},"content":{"rendered":"<p><a href=\"http:\/\/l21.mx\/wp-content\/uploads\/2016\/12\/rio-subterraneo-Xcaret.jpg\" data-rel=\"penci-gallery-image-content\" ><img fetchpriority=\"high\" decoding=\"async\" class=\"aligncenter size-large wp-image-23302\" title=\"rio-subterraneo Xcaret\" src=\"http:\/\/l21.mx\/wp-content\/uploads\/2016\/12\/rio-subterraneo-Xcaret-1024x768.jpg\" alt=\"\" width=\"1024\" height=\"768\" srcset=\"https:\/\/l21.mx\/wp-content\/uploads\/2016\/12\/rio-subterraneo-Xcaret-1024x768.jpg 1024w, https:\/\/l21.mx\/wp-content\/uploads\/2016\/12\/rio-subterraneo-Xcaret-300x225.jpg 300w, https:\/\/l21.mx\/wp-content\/uploads\/2016\/12\/rio-subterraneo-Xcaret-768x576.jpg 768w, https:\/\/l21.mx\/wp-content\/uploads\/2016\/12\/rio-subterraneo-Xcaret-1170x878.jpg 1170w, https:\/\/l21.mx\/wp-content\/uploads\/2016\/12\/rio-subterraneo-Xcaret-585x439.jpg 585w, https:\/\/l21.mx\/wp-content\/uploads\/2016\/12\/rio-subterraneo-Xcaret.jpg 1280w\" sizes=\"(max-width: 1024px) 100vw, 1024px\" \/><\/a>Grupo Experiencias Xcaret se une a la iniciativa \u201cViajemos Todos Por M\u00e9xico\u201d propuesta por el Gobierno Federal, para generar una mayor derrama econ\u00f3mica en los destinos tur\u00edsticos del pa\u00eds, inform\u00f3 Lizeth \u00c1lvarez Gorosave, Directora Comercial de la empresa l\u00edder en recreaci\u00f3n tur\u00edstica sustentable.<\/p>\n<p>Consider\u00f3 que la campa\u00f1a que alienta el turismo interno en nuestro pa\u00eds es ben\u00e9fica porque propicia el aprovechamiento de la infraestructura tur\u00edstica ya existente, al tiempo de facilitar que m\u00e1s mexicanos viajen, al contar con paquetes, rutas y circuitos con tarifas especiales.<\/p>\n<p>De acuerdo con esta decisi\u00f3n, todos los visitantes mexicanos que presenten su identificaci\u00f3n oficial, podr\u00e1n disfrutar de un descuento permanente en la oferta de parques y productos de Grupo Experiencias Xcaret, seg\u00fan sea su estilo de viaje: por cuenta propia, a trav\u00e9s de una agencia de viajes o como parte de un grupo de incentivos. Esta promoci\u00f3n especial aplica para cualquier d\u00eda del a\u00f1o, incluyendo temporadas altas.<\/p>\n<p>La Directora Comercial recomend\u00f3 a los interesados consultar la p\u00e1gina oficial de Experiencias Xcaret (<a href=\"http:\/\/www.experienciasxcaret.com.mx\/\" target=\"_blank\" rel=\"noopener\">www.experienciasxcaret.com.mx<\/a>) para conocer los detalles de esta promoci\u00f3n especial, o a trav\u00e9s de las agencias de viaje de su preferencia.<\/p>\n<p>Desde su creaci\u00f3n en 1991 y dentro de sus compromisos como empresa socialmente responsable, Experiencias Xcaret ha contado con tarifas especiales para las familias quintanarroenses, con descuentos del 50% sobre las tarifas p\u00fablicas de sus parques y tours, mismos que son vigentes todo el a\u00f1o.<\/p>\n<p><span style=\"font-weight: 300;\">A su vez, cada a\u00f1o se otorgan m\u00e1s de 45 mil cortes\u00edas a la sociedad quintanarroense, a trav\u00e9s del Programa de Turismo Social que beneficia a los grupos vulnerables; el Programa de Educaci\u00f3n Ambiental; \u00a0as\u00ed como accesos gratuitos a la Traves\u00eda Sagrada Maya y el Festival de Tradiciones de Vida y Muerte de Xcaret.<\/span><\/p>\n<p>&nbsp;<\/p>\n","protected":false},"excerpt":{"rendered":"<p>Grupo Experiencias Xcaret se une a la iniciativa \u201cViajemos Todos Por M\u00e9xico\u201d propuesta por el Gobierno&hellip;<\/p>\n","protected":false},"author":2,"featured_media":23304,"comment_status":"open","ping_status":"open","sticky":false,"template":"","format":"standard","meta":{"_acf_changed":false,"_lmt_disableupdate":"","_lmt_disable":"","_mbp_gutenberg_autopost":false,"footnotes":""},"categories":[23,8],"tags":[],"class_list":["post-23301","post","type-post","status-publish","format-standard","has-post-thumbnail","hentry","category-noticias","category-turismo"],"acf":[],"_links":{"self":[{"href":"https:\/\/l21.mx\/index.php?rest_route=\/wp\/v2\/posts\/23301","targetHints":{"allow":["GET"]}}],"collection":[{"href":"https:\/\/l21.mx\/index.php?rest_route=\/wp\/v2\/posts"}],"about":[{"href":"https:\/\/l21.mx\/index.php?rest_route=\/wp\/v2\/types\/post"}],"author":[{"embeddable":true,"href":"https:\/\/l21.mx\/index.php?rest_route=\/wp\/v2\/users\/2"}],"replies":[{"embeddable":true,"href":"https:\/\/l21.mx\/index.php?rest_route=%2Fwp%2Fv2%2Fcomments&post=23301"}],"version-history":[{"count":0,"href":"https:\/\/l21.mx\/index.php?rest_route=\/wp\/v2\/posts\/23301\/revisions"}],"wp:featuredmedia":[{"embeddable":true,"href":"https:\/\/l21.mx\/index.php?rest_route=\/wp\/v2\/media\/23304"}],"wp:attachment":[{"href":"https:\/\/l21.mx\/index.php?rest_route=%2Fwp%2Fv2%2Fmedia&parent=23301"}],"wp:term":[{"taxonomy":"category","embeddable":true,"href":"https:\/\/l21.mx\/index.php?rest_route=%2Fwp%2Fv2%2Fcategories&post=23301"},{"taxonomy":"post_tag","embeddable":true,"href":"https:\/\/l21.mx\/index.php?rest_route=%2Fwp%2Fv2%2Ftags&post=23301"}],"curies":[{"name":"wp","href":"https:\/\/api.w.org\/{rel}","templated":true}]}}