{"id":23322,"date":"2016-12-28T10:24:15","date_gmt":"2016-12-28T16:24:15","guid":{"rendered":"http:\/\/innovatori.space\/lat21\/?p=23322"},"modified":"2016-12-28T10:35:39","modified_gmt":"2016-12-28T16:35:39","slug":"reemberto-estrada-promete-construccion-de-once-domos-y-nueve-canchas-de-pasto-sintetico-en-2017","status":"publish","type":"post","link":"https:\/\/l21.mx\/?p=23322","title":{"rendered":"Remberto Estrada promete construcci\u00f3n de once domos y nueve canchas de pasto sint\u00e9tico en 2017"},"content":{"rendered":"<p><a href=\"http:\/\/l21.mx\/wp-content\/uploads\/2016\/12\/02-20.jpg\" data-rel=\"penci-gallery-image-content\" ><img fetchpriority=\"high\" decoding=\"async\" class=\"aligncenter size-large wp-image-23323\" title=\"02-20\" src=\"http:\/\/l21.mx\/wp-content\/uploads\/2016\/12\/02-20-1024x682.jpg\" alt=\"\" width=\"1024\" height=\"682\" \/><\/a>\u201cEl rescate de espacios p\u00fablicos, la recuperaci\u00f3n de \u00e1reas verdes y la implementaci\u00f3n de espacios dignos para las familias benitojuarenses, son premisas fundamentales de esta administraci\u00f3n municipal, por ello estamos trabajando para brindarles una mejor calidad de vida\u201d, resalt\u00f3 el Presidente Municipal de Benito Ju\u00e1rez, Remberto Estrada Barba, al informar que para 2017 est\u00e1 contemplada la construcci\u00f3n de nueve canchas de pasto sint\u00e9tico, once domos deportivos y un parque integral con una inversi\u00f3n de 89 millones 154 mil 600 pesos.<\/p>\n<p>Indic\u00f3 que como parte del Presupuesto de Egresos de la Federaci\u00f3n para ejercer el pr\u00f3ximo a\u00f1o se tiene programada la realizaci\u00f3n de las canchas de pasto sint\u00e9tico, donde se aplicar\u00e1n 46 millones 654 mil 600 pesos, lo que beneficiar\u00e1 a los habitantes de la regiones 91, 105, 221, 227, 233, 248, 259, 260, 518.<\/p>\n<p>De igual manera, dio a conocer que en el caso de los 11 domos deportivos se tendr\u00e1 una inversi\u00f3n de 38 millones 500 mil pesos, en beneficio de los vecinos de las regiones 68, 77, 103, 220, 228, 232, 237, 240, 260 y 517.<\/p>\n<p>\u201cLa nueva infraestructura moderna ser\u00e1 de primera calidad, para disfrute y el sano esparcimiento de las familias, pero sobre todo de los ni\u00f1os y j\u00f3venes que contar\u00e1n con un espacios dignos para la pr\u00e1ctica de alg\u00fan deporte, o bien el reforzamiento en su preparaci\u00f3n\u201d, expres\u00f3 Estrada Barba.<\/p>\n<p>En este sentido, dijo que con estas acciones se da en cumplimiento al compromiso que adquiri\u00f3 con los ciudadanos, \u201cporque mi gobierno es inclusivo y estamos escuchando todas la voces de los habitantes de este municipio, para dar soluciones precisas y puntuales a las demandas m\u00e1s apremiantes\u201d, resalt\u00f3.<\/p>\n<p>Record\u00f3 que en fechas recientes, producto de la participaci\u00f3n de todos los ciudadanos, a trav\u00e9s de los buzones de la consulta \u201cSoluciones Ciudadanas\u201d, se obtuvieron 40 mil opiniones en las que m\u00e1s de 13 mil personas emitieron sus propuestas, haciendo patente las necesidades de sus colonias, regiones o supermanzanas, donde predominaron peticiones como el rescate de espacios y el remozamiento de \u00e1reas verdes.<\/p>\n<p>Finalmente, reiter\u00f3 su compromiso de mantener una din\u00e1mica de trabajo firme y constante, para brindar a los ciudadanos respuestas y resultados palpables, \u201ccomo lo hemos venido haciendo desde el principio de la administraci\u00f3n y que con casi 100 d\u00edas de gobierno hemos demostrado la voluntad y las ganas de trabajar para seguir consolidando un Benito Ju\u00e1rez de 10\u201d.<strong>\u00a0(Comunicado del Ayuntamiento de BJ)<\/strong><\/p>\n","protected":false},"excerpt":{"rendered":"<p>\u201cEl rescate de espacios p\u00fablicos, la recuperaci\u00f3n de \u00e1reas verdes y la implementaci\u00f3n de espacios dignos&hellip;<\/p>\n","protected":false},"author":2,"featured_media":23325,"comment_status":"open","ping_status":"open","sticky":false,"template":"","format":"standard","meta":{"_acf_changed":false,"_lmt_disableupdate":"","_lmt_disable":"","_mbp_gutenberg_autopost":false,"footnotes":""},"categories":[23,35,8],"tags":[],"class_list":["post-23322","post","type-post","status-publish","format-standard","has-post-thumbnail","hentry","category-noticias","category-responsabilidad-social","category-turismo"],"acf":[],"yoast_head":"<!-- This site is optimized with the Yoast SEO plugin v27.3 - https:\/\/yoast.com\/product\/yoast-seo-wordpress\/ -->\n<title>Remberto Estrada promete construcci\u00f3n de once domos y nueve canchas de pasto sint\u00e9tico en 2017 | Revista Latitud 21<\/title>\n<meta name=\"description\" content=\"L21, Emprendedores y Negocios en el Caribe Mexicano, es la revista l\u00edder entre el Sector Empresarial y Tur\u00edstico del Caribe Mexicano.\" \/>\n<meta name=\"robots\" content=\"index, follow, max-snippet:-1, max-image-preview:large, max-video-preview:-1\" \/>\n<link rel=\"canonical\" href=\"https:\/\/l21.mx\/?p=23322\" \/>\n<meta name=\"twitter:card\" content=\"summary_large_image\" \/>\n<meta name=\"twitter:title\" content=\"Remberto Estrada promete construcci\u00f3n de once domos y nueve canchas de pasto sint\u00e9tico en 2017 | Revista Latitud 21\" \/>\n<meta name=\"twitter:description\" content=\"L21, Emprendedores y Negocios en el Caribe Mexicano, es la revista l\u00edder entre el Sector Empresarial y Tur\u00edstico del Caribe Mexicano.\" \/>\n<meta name=\"twitter:image\" content=\"https:\/\/l21.mx\/wp-content\/uploads\/2016\/12\/02-20-n.jpg\" \/>\n<meta name=\"twitter:creator\" content=\"@Latitud21mx\" \/>\n<meta name=\"twitter:site\" content=\"@Latitud21mx\" \/>\n<meta name=\"twitter:label1\" content=\"Escrito por\" \/>\n\t<meta name=\"twitter:data1\" content=\"Latitud21 Redacci\u00f3n\" \/>\n\t<meta name=\"twitter:label2\" content=\"Tiempo de lectura\" \/>\n\t<meta name=\"twitter:data2\" content=\"2 minutos\" \/>\n<script type=\"application\/ld+json\" class=\"yoast-schema-graph\">{\"@context\":\"https:\\\/\\\/schema.org\",\"@graph\":[{\"@type\":\"Article\",\"@id\":\"https:\\\/\\\/l21.mx\\\/?p=23322#article\",\"isPartOf\":{\"@id\":\"https:\\\/\\\/l21.mx\\\/?p=23322\"},\"author\":{\"name\":\"Latitud21 Redacci\u00f3n\",\"@id\":\"https:\\\/\\\/l21.mx\\\/#\\\/schema\\\/person\\\/4b571cc212089f95579f3b66253728f1\"},\"headline\":\"Remberto Estrada promete construcci\u00f3n de once domos y nueve canchas de pasto sint\u00e9tico en 2017\",\"datePublished\":\"2016-12-28T16:24:15+00:00\",\"dateModified\":\"2016-12-28T16:35:39+00:00\",\"mainEntityOfPage\":{\"@id\":\"https:\\\/\\\/l21.mx\\\/?p=23322\"},\"wordCount\":411,\"commentCount\":0,\"publisher\":{\"@id\":\"https:\\\/\\\/l21.mx\\\/#organization\"},\"image\":{\"@id\":\"https:\\\/\\\/l21.mx\\\/?p=23322#primaryimage\"},\"thumbnailUrl\":\"https:\\\/\\\/l21.mx\\\/wp-content\\\/uploads\\\/2016\\\/12\\\/02-20-n.jpg\",\"articleSection\":[\"Noticias\",\"Responsabilidad social\",\"Turismo\"],\"inLanguage\":\"es\",\"potentialAction\":[{\"@type\":\"CommentAction\",\"name\":\"Comment\",\"target\":[\"https:\\\/\\\/l21.mx\\\/?p=23322#respond\"]}]},{\"@type\":\"WebPage\",\"@id\":\"https:\\\/\\\/l21.mx\\\/?p=23322\",\"url\":\"https:\\\/\\\/l21.mx\\\/?p=23322\",\"name\":\"Remberto Estrada promete construcci\u00f3n de once domos y nueve canchas de pasto sint\u00e9tico en 2017 | Revista Latitud 21\",\"isPartOf\":{\"@id\":\"https:\\\/\\\/l21.mx\\\/#website\"},\"primaryImageOfPage\":{\"@id\":\"https:\\\/\\\/l21.mx\\\/?p=23322#primaryimage\"},\"image\":{\"@id\":\"https:\\\/\\\/l21.mx\\\/?p=23322#primaryimage\"},\"thumbnailUrl\":\"https:\\\/\\\/l21.mx\\\/wp-content\\\/uploads\\\/2016\\\/12\\\/02-20-n.jpg\",\"datePublished\":\"2016-12-28T16:24:15+00:00\",\"dateModified\":\"2016-12-28T16:35:39+00:00\",\"description\":\"L21, Emprendedores y Negocios en el Caribe Mexicano, es la revista l\u00edder entre el Sector Empresarial y Tur\u00edstico del Caribe Mexicano.\",\"breadcrumb\":{\"@id\":\"https:\\\/\\\/l21.mx\\\/?p=23322#breadcrumb\"},\"inLanguage\":\"es\",\"potentialAction\":[{\"@type\":\"ReadAction\",\"target\":[\"https:\\\/\\\/l21.mx\\\/?p=23322\"]}]},{\"@type\":\"ImageObject\",\"inLanguage\":\"es\",\"@id\":\"https:\\\/\\\/l21.mx\\\/?p=23322#primaryimage\",\"url\":\"https:\\\/\\\/l21.mx\\\/wp-content\\\/uploads\\\/2016\\\/12\\\/02-20-n.jpg\",\"contentUrl\":\"https:\\\/\\\/l21.mx\\\/wp-content\\\/uploads\\\/2016\\\/12\\\/02-20-n.jpg\",\"width\":90,\"height\":60},{\"@type\":\"BreadcrumbList\",\"@id\":\"https:\\\/\\\/l21.mx\\\/?p=23322#breadcrumb\",\"itemListElement\":[{\"@type\":\"ListItem\",\"position\":1,\"name\":\"Portada\",\"item\":\"https:\\\/\\\/l21.mx\\\/\"},{\"@type\":\"ListItem\",\"position\":2,\"name\":\"Remberto Estrada promete construcci\u00f3n de once domos y nueve canchas de pasto sint\u00e9tico en 2017\"}]},{\"@type\":\"WebSite\",\"@id\":\"https:\\\/\\\/l21.mx\\\/#website\",\"url\":\"https:\\\/\\\/l21.mx\\\/\",\"name\":\"Revista Latitud 21\",\"description\":\"Emprendedores  y negocios en el Caribe Mexicano\",\"publisher\":{\"@id\":\"https:\\\/\\\/l21.mx\\\/#organization\"},\"potentialAction\":[{\"@type\":\"SearchAction\",\"target\":{\"@type\":\"EntryPoint\",\"urlTemplate\":\"https:\\\/\\\/l21.mx\\\/?s={search_term_string}\"},\"query-input\":{\"@type\":\"PropertyValueSpecification\",\"valueRequired\":true,\"valueName\":\"search_term_string\"}}],\"inLanguage\":\"es\"},{\"@type\":\"Organization\",\"@id\":\"https:\\\/\\\/l21.mx\\\/#organization\",\"name\":\"Grupo Editorial Latitud 21 SA de CV\",\"url\":\"https:\\\/\\\/l21.mx\\\/\",\"logo\":{\"@type\":\"ImageObject\",\"inLanguage\":\"es\",\"@id\":\"https:\\\/\\\/l21.mx\\\/#\\\/schema\\\/logo\\\/image\\\/\",\"url\":\"https:\\\/\\\/l21.mx\\\/wp-content\\\/uploads\\\/2020\\\/10\\\/logo-l21-baja.jpg\",\"contentUrl\":\"https:\\\/\\\/l21.mx\\\/wp-content\\\/uploads\\\/2020\\\/10\\\/logo-l21-baja.jpg\",\"width\":250,\"height\":250,\"caption\":\"Grupo Editorial Latitud 21 SA de CV\"},\"image\":{\"@id\":\"https:\\\/\\\/l21.mx\\\/#\\\/schema\\\/logo\\\/image\\\/\"},\"sameAs\":[\"https:\\\/\\\/www.facebook.com\\\/RevistaLatitud21\\\/\",\"https:\\\/\\\/x.com\\\/Latitud21mx\"]},{\"@type\":\"Person\",\"@id\":\"https:\\\/\\\/l21.mx\\\/#\\\/schema\\\/person\\\/4b571cc212089f95579f3b66253728f1\",\"name\":\"Latitud21 Redacci\u00f3n\",\"url\":\"https:\\\/\\\/l21.mx\\\/?author=2\"}]}<\/script>\n<!-- \/ Yoast SEO plugin. -->","yoast_head_json":{"title":"Remberto Estrada promete construcci\u00f3n de once domos y nueve canchas de pasto sint\u00e9tico en 2017 | Revista Latitud 21","description":"L21, Emprendedores y Negocios en el Caribe Mexicano, es la revista l\u00edder entre el Sector Empresarial y Tur\u00edstico del Caribe Mexicano.","robots":{"index":"index","follow":"follow","max-snippet":"max-snippet:-1","max-image-preview":"max-image-preview:large","max-video-preview":"max-video-preview:-1"},"canonical":"https:\/\/l21.mx\/?p=23322","twitter_card":"summary_large_image","twitter_title":"Remberto Estrada promete construcci\u00f3n de once domos y nueve canchas de pasto sint\u00e9tico en 2017 | Revista Latitud 21","twitter_description":"L21, Emprendedores y Negocios en el Caribe Mexicano, es la revista l\u00edder entre el Sector Empresarial y Tur\u00edstico del Caribe Mexicano.","twitter_image":"https:\/\/l21.mx\/wp-content\/uploads\/2016\/12\/02-20-n.jpg","twitter_creator":"@Latitud21mx","twitter_site":"@Latitud21mx","twitter_misc":{"Escrito por":"Latitud21 Redacci\u00f3n","Tiempo de lectura":"2 minutos"},"schema":{"@context":"https:\/\/schema.org","@graph":[{"@type":"Article","@id":"https:\/\/l21.mx\/?p=23322#article","isPartOf":{"@id":"https:\/\/l21.mx\/?p=23322"},"author":{"name":"Latitud21 Redacci\u00f3n","@id":"https:\/\/l21.mx\/#\/schema\/person\/4b571cc212089f95579f3b66253728f1"},"headline":"Remberto Estrada promete construcci\u00f3n de once domos y nueve canchas de pasto sint\u00e9tico en 2017","datePublished":"2016-12-28T16:24:15+00:00","dateModified":"2016-12-28T16:35:39+00:00","mainEntityOfPage":{"@id":"https:\/\/l21.mx\/?p=23322"},"wordCount":411,"commentCount":0,"publisher":{"@id":"https:\/\/l21.mx\/#organization"},"image":{"@id":"https:\/\/l21.mx\/?p=23322#primaryimage"},"thumbnailUrl":"https:\/\/l21.mx\/wp-content\/uploads\/2016\/12\/02-20-n.jpg","articleSection":["Noticias","Responsabilidad social","Turismo"],"inLanguage":"es","potentialAction":[{"@type":"CommentAction","name":"Comment","target":["https:\/\/l21.mx\/?p=23322#respond"]}]},{"@type":"WebPage","@id":"https:\/\/l21.mx\/?p=23322","url":"https:\/\/l21.mx\/?p=23322","name":"Remberto Estrada promete construcci\u00f3n de once domos y nueve canchas de pasto sint\u00e9tico en 2017 | Revista Latitud 21","isPartOf":{"@id":"https:\/\/l21.mx\/#website"},"primaryImageOfPage":{"@id":"https:\/\/l21.mx\/?p=23322#primaryimage"},"image":{"@id":"https:\/\/l21.mx\/?p=23322#primaryimage"},"thumbnailUrl":"https:\/\/l21.mx\/wp-content\/uploads\/2016\/12\/02-20-n.jpg","datePublished":"2016-12-28T16:24:15+00:00","dateModified":"2016-12-28T16:35:39+00:00","description":"L21, Emprendedores y Negocios en el Caribe Mexicano, es la revista l\u00edder entre el Sector Empresarial y Tur\u00edstico del Caribe Mexicano.","breadcrumb":{"@id":"https:\/\/l21.mx\/?p=23322#breadcrumb"},"inLanguage":"es","potentialAction":[{"@type":"ReadAction","target":["https:\/\/l21.mx\/?p=23322"]}]},{"@type":"ImageObject","inLanguage":"es","@id":"https:\/\/l21.mx\/?p=23322#primaryimage","url":"https:\/\/l21.mx\/wp-content\/uploads\/2016\/12\/02-20-n.jpg","contentUrl":"https:\/\/l21.mx\/wp-content\/uploads\/2016\/12\/02-20-n.jpg","width":90,"height":60},{"@type":"BreadcrumbList","@id":"https:\/\/l21.mx\/?p=23322#breadcrumb","itemListElement":[{"@type":"ListItem","position":1,"name":"Portada","item":"https:\/\/l21.mx\/"},{"@type":"ListItem","position":2,"name":"Remberto Estrada promete construcci\u00f3n de once domos y nueve canchas de pasto sint\u00e9tico en 2017"}]},{"@type":"WebSite","@id":"https:\/\/l21.mx\/#website","url":"https:\/\/l21.mx\/","name":"Revista Latitud 21","description":"Emprendedores  y negocios en el Caribe Mexicano","publisher":{"@id":"https:\/\/l21.mx\/#organization"},"potentialAction":[{"@type":"SearchAction","target":{"@type":"EntryPoint","urlTemplate":"https:\/\/l21.mx\/?s={search_term_string}"},"query-input":{"@type":"PropertyValueSpecification","valueRequired":true,"valueName":"search_term_string"}}],"inLanguage":"es"},{"@type":"Organization","@id":"https:\/\/l21.mx\/#organization","name":"Grupo Editorial Latitud 21 SA de CV","url":"https:\/\/l21.mx\/","logo":{"@type":"ImageObject","inLanguage":"es","@id":"https:\/\/l21.mx\/#\/schema\/logo\/image\/","url":"https:\/\/l21.mx\/wp-content\/uploads\/2020\/10\/logo-l21-baja.jpg","contentUrl":"https:\/\/l21.mx\/wp-content\/uploads\/2020\/10\/logo-l21-baja.jpg","width":250,"height":250,"caption":"Grupo Editorial Latitud 21 SA de CV"},"image":{"@id":"https:\/\/l21.mx\/#\/schema\/logo\/image\/"},"sameAs":["https:\/\/www.facebook.com\/RevistaLatitud21\/","https:\/\/x.com\/Latitud21mx"]},{"@type":"Person","@id":"https:\/\/l21.mx\/#\/schema\/person\/4b571cc212089f95579f3b66253728f1","name":"Latitud21 Redacci\u00f3n","url":"https:\/\/l21.mx\/?author=2"}]}},"amp_enabled":true,"_links":{"self":[{"href":"https:\/\/l21.mx\/index.php?rest_route=\/wp\/v2\/posts\/23322","targetHints":{"allow":["GET"]}}],"collection":[{"href":"https:\/\/l21.mx\/index.php?rest_route=\/wp\/v2\/posts"}],"about":[{"href":"https:\/\/l21.mx\/index.php?rest_route=\/wp\/v2\/types\/post"}],"author":[{"embeddable":true,"href":"https:\/\/l21.mx\/index.php?rest_route=\/wp\/v2\/users\/2"}],"replies":[{"embeddable":true,"href":"https:\/\/l21.mx\/index.php?rest_route=%2Fwp%2Fv2%2Fcomments&post=23322"}],"version-history":[{"count":0,"href":"https:\/\/l21.mx\/index.php?rest_route=\/wp\/v2\/posts\/23322\/revisions"}],"wp:featuredmedia":[{"embeddable":true,"href":"https:\/\/l21.mx\/index.php?rest_route=\/wp\/v2\/media\/23325"}],"wp:attachment":[{"href":"https:\/\/l21.mx\/index.php?rest_route=%2Fwp%2Fv2%2Fmedia&parent=23322"}],"wp:term":[{"taxonomy":"category","embeddable":true,"href":"https:\/\/l21.mx\/index.php?rest_route=%2Fwp%2Fv2%2Fcategories&post=23322"},{"taxonomy":"post_tag","embeddable":true,"href":"https:\/\/l21.mx\/index.php?rest_route=%2Fwp%2Fv2%2Ftags&post=23322"}],"curies":[{"name":"wp","href":"https:\/\/api.w.org\/{rel}","templated":true}]}}