{"id":23540,"date":"2017-01-04T08:37:59","date_gmt":"2017-01-04T14:37:59","guid":{"rendered":"http:\/\/innovatori.space\/lat21\/?p=23540"},"modified":"2017-01-04T08:37:59","modified_gmt":"2017-01-04T14:37:59","slug":"aeropuerto-de-cancun-movilizo-14-mas-pasajeros-en-2016","status":"publish","type":"post","link":"https:\/\/l21.mx\/?p=23540","title":{"rendered":"Aeropuerto de Canc\u00fan moviliz\u00f3 14% m\u00e1s pasajeros en 2016"},"content":{"rendered":"<p><strong><a href=\"http:\/\/l21.mx\/wp-content\/uploads\/2016\/12\/aeropuerto.jpg\" data-rel=\"penci-gallery-image-content\" ><img fetchpriority=\"high\" decoding=\"async\" class=\"aligncenter size-full wp-image-23313\" title=\"aeropuerto\" src=\"http:\/\/l21.mx\/wp-content\/uploads\/2016\/12\/aeropuerto.jpg\" alt=\"\" width=\"700\" height=\"455\" srcset=\"https:\/\/l21.mx\/wp-content\/uploads\/2016\/12\/aeropuerto.jpg 700w, https:\/\/l21.mx\/wp-content\/uploads\/2016\/12\/aeropuerto-300x195.jpg 300w, https:\/\/l21.mx\/wp-content\/uploads\/2016\/12\/aeropuerto-585x380.jpg 585w\" sizes=\"(max-width: 700px) 100vw, 700px\" \/><\/a>Grupo Aeroportuario del Sureste (Asur)<\/strong>\u00a0report\u00f3 un incremento de 13.9 por ciento en el movimiento de pasajeros a trav\u00e9s de sus nueve terminales a\u00e9reas durante el pasado mes de diciembre, una de las cuales est\u00e1 en Canc\u00fan, comparado con igual lapso de 2015.<\/p>\n<p>En un comunicado enviado a la\u00a0<strong>Bolsa Mexicana de Valores<\/strong>\u00a0(BMV) precis\u00f3 que en dicho periodo pas\u00f3 de dos millones 364 mil 118 usuarios a dos millones 693 mil 564 viajeros, informa la agencia Notimex.<\/p>\n<p>Detall\u00f3 que la terminal a\u00e9rea de Tapachula, Chiapas, registr\u00f3 un alza de 19.8 por ciento; M\u00e9rida, Yucat\u00e1n, con 19 por ciento; Huatulco, Oaxaca, con 14.8 por ciento;<strong>\u00a0Canc\u00fan, Quintana Roo, con 14.6 por ciento<\/strong>, y Villahermosa, Tabasco, 11.2 puntos porcentuales.<\/p>\n<p><span style=\"font-weight: 300;\">Mencion\u00f3 que las operaciones a nivel nacional pasaron de un mill\u00f3n 58 mil 696 a un mill\u00f3n 247 mil 456, es decir, un aumento de 17.8 por ciento, mientras que en internacional fue de 10.8 por ciento, al pasar de un mill\u00f3n 305 mil 422 a un mill\u00f3n 446 mil 108 usuarios.<\/span><\/p>\n<p>Asur opera los aeropuertos de Canc\u00fan, M\u00e9rida, Cozumel, Villahermosa, Oaxaca, Veracruz, Huatulco, Tapachula y Minatitl\u00e1n en el sureste de M\u00e9xico.<\/p>\n","protected":false},"excerpt":{"rendered":"<p>Grupo Aeroportuario del Sureste (Asur)\u00a0report\u00f3 un incremento de 13.9 por ciento en el movimiento de pasajeros&hellip;<\/p>\n","protected":false},"author":2,"featured_media":23313,"comment_status":"open","ping_status":"open","sticky":false,"template":"","format":"standard","meta":{"_acf_changed":false,"_lmt_disableupdate":"","_lmt_disable":"","_mbp_gutenberg_autopost":false,"footnotes":""},"categories":[23,8],"tags":[],"class_list":["post-23540","post","type-post","status-publish","format-standard","has-post-thumbnail","hentry","category-noticias","category-turismo"],"acf":[],"_links":{"self":[{"href":"https:\/\/l21.mx\/index.php?rest_route=\/wp\/v2\/posts\/23540","targetHints":{"allow":["GET"]}}],"collection":[{"href":"https:\/\/l21.mx\/index.php?rest_route=\/wp\/v2\/posts"}],"about":[{"href":"https:\/\/l21.mx\/index.php?rest_route=\/wp\/v2\/types\/post"}],"author":[{"embeddable":true,"href":"https:\/\/l21.mx\/index.php?rest_route=\/wp\/v2\/users\/2"}],"replies":[{"embeddable":true,"href":"https:\/\/l21.mx\/index.php?rest_route=%2Fwp%2Fv2%2Fcomments&post=23540"}],"version-history":[{"count":0,"href":"https:\/\/l21.mx\/index.php?rest_route=\/wp\/v2\/posts\/23540\/revisions"}],"wp:featuredmedia":[{"embeddable":true,"href":"https:\/\/l21.mx\/index.php?rest_route=\/wp\/v2\/media\/23313"}],"wp:attachment":[{"href":"https:\/\/l21.mx\/index.php?rest_route=%2Fwp%2Fv2%2Fmedia&parent=23540"}],"wp:term":[{"taxonomy":"category","embeddable":true,"href":"https:\/\/l21.mx\/index.php?rest_route=%2Fwp%2Fv2%2Fcategories&post=23540"},{"taxonomy":"post_tag","embeddable":true,"href":"https:\/\/l21.mx\/index.php?rest_route=%2Fwp%2Fv2%2Ftags&post=23540"}],"curies":[{"name":"wp","href":"https:\/\/api.w.org\/{rel}","templated":true}]}}